{"id":5205,"date":"2020-12-23T14:20:31","date_gmt":"2020-12-23T13:20:31","guid":{"rendered":"http:\/\/www.si-hu.eu\/hu2\/?p=5205"},"modified":"2020-12-23T14:20:31","modified_gmt":"2020-12-23T13:20:31","slug":"tavollet-bejelentese","status":"publish","type":"post","link":"http:\/\/www.si-hu.eu\/hu2\/2020\/12\/23\/tavollet-bejelentese\/","title":{"rendered":"T\u00e1voll\u00e9t bejelent\u00e9se"},"content":{"rendered":"\n<style type=\"text\/css\" data-created_by=\"avia_inline_auto\" id=\"style-css-av-av_one_full-6126cab7d8fab8d08143dd2dacdf673c\">\n.flex_column.av-av_one_full-6126cab7d8fab8d08143dd2dacdf673c{\nborder-radius:0px 0px 0px 0px;\n-webkit-border-radius:0px 0px 0px 0px;\n-moz-border-radius:0px 0px 0px 0px;\n}\n<\/style>\n<div class='flex_column av-av_one_full-6126cab7d8fab8d08143dd2dacdf673c av_one_full  avia-builder-el-0  avia-builder-el-no-sibling  first flex_column_div av-zero-column-padding '   ><section  class='av_textblock_section av-av_textblock-0366cc7376be6c9e82a3e9cc8987b64f'  itemscope=\"itemscope\" itemtype=\"https:\/\/schema.org\/BlogPosting\" itemprop=\"blogPost\" ><div class='avia_textblock'  itemprop=\"text\" ><p style=\"text-align: justify; vertical-align: baseline; margin: 10.2pt 0cm 10.2pt 0cm;\"><span lang=\"SL\" style=\"font-family: 'inherit','serif'; color: #3d4045;\">A K\u00f6z\u00f6s Titk\u00e1rs\u00e1g az \u00fcnnepi id\u0151szakban sz\u00fcnetelteti munkav\u00e9gz\u00e9s\u00e9t, a folyamatok 2021. janu\u00e1r 4-\u00e9n indulnak \u00fajra. T\u00e1voll\u00e9t\u00fcnk alatt a helyettes\u00edt\u00e9s nem biztos\u00edtott az Interreg V-A Szlov\u00e9nia-Magyarorsz\u00e1g Egy\u00fcttm\u0171k\u00f6d\u00e9si Programban. \u00dczeneteiket a <a href=\"mailto:si-hu.svrk@gov.si\">si-hu.svrk@gov.si<\/a> e-mailre k\u00fcldhetik, amelyek feldolgoz\u00e1s\u00e1r\u00f3l az \u00faj \u00e9vben gondoskodunk.<\/span><\/p>\n<p style=\"text-align: justify; vertical-align: baseline; margin: 10.2pt 0cm 10.2pt 0cm;\"><span lang=\"SL\" style=\"font-family: 'inherit','serif'; color: #3d4045;\">A fent eml\u00edtett id\u0151szakban a Szlov\u00e9n K\u00f6zt\u00e1rsas\u00e1g Fejleszt\u00e9s\u00e9rt \u00e9s Eur\u00f3pai Koh\u00e9zi\u00f3s Politik\u00e1\u00e9rt felel\u0151s Korm\u00e1nyhivatala (GODC) kiz\u00e1r\u00f3lag a halaszt\u00e1st nem t\u0171r\u0151, s\u00fcrg\u0151s \u00fcgyeket kezeli, a j\u00e1rv\u00e1ny\u00fcgyi helyzetre val\u00f3 tekintettel. S\u00fcrg\u0151s esetben a GODC-t a +386 1&nbsp;400 3860 telefonsz\u00e1mon, ill. a <a href=\"mailto:gp.svrk@gov.si\">gp.svrk@gov.si<\/a> e-mailc\u00edmen \u00e9rhetik el.<\/span><\/p>\n<p style=\"text-align: justify; vertical-align: baseline; margin: 10.2pt 0cm 10.2pt 0cm;\"><span lang=\"SL\" style=\"font-family: 'inherit','serif'; color: #3d4045;\">K\u00f6sz\u00f6nj\u00fck meg\u00e9rt\u00e9s\u00fcket \u00e9s boldog \u00fcnnepi id\u0151szakot k\u00edv\u00e1nunk!<\/span><\/p>\n<\/div><\/section><br \/>\n\n<style type=\"text\/css\" data-created_by=\"avia_inline_auto\" id=\"style-css-av-av_image-9e5a110f7bfc7b9d1042bd8dd88e2fd3\">\n.avia-image-container.av-av_image-9e5a110f7bfc7b9d1042bd8dd88e2fd3 .av-image-caption-overlay-center{\ncolor:#ffffff;\n}\n<\/style>\n<div  class='avia-image-container av-av_image-9e5a110f7bfc7b9d1042bd8dd88e2fd3 av-styling- avia-align-center  avia-builder-el-2  el_after_av_textblock  avia-builder-el-last '  itemprop=\"image\" itemscope=\"itemscope\" itemtype=\"https:\/\/schema.org\/ImageObject\" ><div class=\"avia-image-container-inner\"><div class=\"avia-image-overlay-wrap\"><img class='wp-image-5202 avia-img-lazy-loading-not-5202 avia_image' src=\"http:\/\/www.si-hu.eu\/hu2\/wp-content\/uploads\/sites\/10\/2020\/12\/Holiday-Greetings-SI-HU-final.png\" alt='' title=''  height=\"2245\" width=\"1587\"  itemprop=\"thumbnailUrl\" srcset=\"http:\/\/www.si-hu.eu\/hu2\/wp-content\/uploads\/sites\/10\/2020\/12\/Holiday-Greetings-SI-HU-final.png 1587w, http:\/\/www.si-hu.eu\/hu2\/wp-content\/uploads\/sites\/10\/2020\/12\/Holiday-Greetings-SI-HU-final-212x300.png 212w, http:\/\/www.si-hu.eu\/hu2\/wp-content\/uploads\/sites\/10\/2020\/12\/Holiday-Greetings-SI-HU-final-768x1086.png 768w, http:\/\/www.si-hu.eu\/hu2\/wp-content\/uploads\/sites\/10\/2020\/12\/Holiday-Greetings-SI-HU-final-728x1030.png 728w, http:\/\/www.si-hu.eu\/hu2\/wp-content\/uploads\/sites\/10\/2020\/12\/Holiday-Greetings-SI-HU-final-600x849.png 600w, http:\/\/www.si-hu.eu\/hu2\/wp-content\/uploads\/sites\/10\/2020\/12\/Holiday-Greetings-SI-HU-final-1060x1500.png 1060w, http:\/\/www.si-hu.eu\/hu2\/wp-content\/uploads\/sites\/10\/2020\/12\/Holiday-Greetings-SI-HU-final-498x705.png 498w, http:\/\/www.si-hu.eu\/hu2\/wp-content\/uploads\/sites\/10\/2020\/12\/Holiday-Greetings-SI-HU-final-450x637.png 450w\" sizes=\"(max-width: 1587px) 100vw, 1587px\" \/><\/div><\/div><\/div><\/p><\/div>\n","protected":false},"excerpt":{"rendered":"<p>A K\u00f6z\u00f6s Titk\u00e1rs\u00e1g az \u00fcnnepi id\u0151szakban sz\u00fcnetelteti munkav\u00e9gz\u00e9s\u00e9t, a folyamatok 2021. janu\u00e1r 4-\u00e9n indulnak \u00fajra. T\u00e1voll\u00e9t\u00fcnk alatt a helyettes\u00edt\u00e9s nem biztos\u00edtott az Interreg V-A Szlov\u00e9nia-Magyarorsz\u00e1g Egy\u00fcttm\u0171k\u00f6d\u00e9si Programban. <\/p>\n","protected":false},"author":80,"featured_media":5202,"comment_status":"closed","ping_status":"open","sticky":false,"template":"","format":"standard","meta":{"ngg_post_thumbnail":0},"categories":[3],"tags":[],"acf":[],"_links":{"self":[{"href":"http:\/\/www.si-hu.eu\/hu2\/wp-json\/wp\/v2\/posts\/5205"}],"collection":[{"href":"http:\/\/www.si-hu.eu\/hu2\/wp-json\/wp\/v2\/posts"}],"about":[{"href":"http:\/\/www.si-hu.eu\/hu2\/wp-json\/wp\/v2\/types\/post"}],"author":[{"embeddable":true,"href":"http:\/\/www.si-hu.eu\/hu2\/wp-json\/wp\/v2\/users\/80"}],"replies":[{"embeddable":true,"href":"http:\/\/www.si-hu.eu\/hu2\/wp-json\/wp\/v2\/comments?post=5205"}],"version-history":[{"count":5,"href":"http:\/\/www.si-hu.eu\/hu2\/wp-json\/wp\/v2\/posts\/5205\/revisions"}],"predecessor-version":[{"id":5210,"href":"http:\/\/www.si-hu.eu\/hu2\/wp-json\/wp\/v2\/posts\/5205\/revisions\/5210"}],"wp:featuredmedia":[{"embeddable":true,"href":"http:\/\/www.si-hu.eu\/hu2\/wp-json\/wp\/v2\/media\/5202"}],"wp:attachment":[{"href":"http:\/\/www.si-hu.eu\/hu2\/wp-json\/wp\/v2\/media?parent=5205"}],"wp:term":[{"taxonomy":"category","embeddable":true,"href":"http:\/\/www.si-hu.eu\/hu2\/wp-json\/wp\/v2\/categories?post=5205"},{"taxonomy":"post_tag","embeddable":true,"href":"http:\/\/www.si-hu.eu\/hu2\/wp-json\/wp\/v2\/tags?post=5205"}],"curies":[{"name":"wp","href":"https:\/\/api.w.org\/{rel}","templated":true}]}}