{"id":5549,"date":"2021-12-16T10:14:59","date_gmt":"2021-12-16T09:14:59","guid":{"rendered":"http:\/\/www.si-hu.eu\/hu2\/?p=5549"},"modified":"2021-12-29T14:41:30","modified_gmt":"2021-12-29T13:41:30","slug":"felhivas-regionalis-koordinator-es-infopont-pozicio-betoltesere-3","status":"publish","type":"post","link":"http:\/\/www.si-hu.eu\/hu2\/2021\/12\/16\/felhivas-regionalis-koordinator-es-infopont-pozicio-betoltesere-3\/","title":{"rendered":"Felh\u00edv\u00e1s Region\u00e1lis koordin\u00e1tor \u00e9s Infopont poz\u00edci\u00f3 bet\u00f6lt\u00e9s\u00e9re"},"content":{"rendered":"<div class='flex_column av-2wcz71-d5f43d0d0e9a89fd7a8d884b4324b3b2 av_one_full  avia-builder-el-0  avia-builder-el-no-sibling  first flex_column_div '   ><section  class='av_textblock_section av-kx8qthra-2b3b523287b537678adccae7039d0456'  itemscope=\"itemscope\" itemtype=\"https:\/\/schema.org\/BlogPosting\" itemprop=\"blogPost\" ><div class='avia_textblock'  itemprop=\"text\" ><p><img loading=\"lazy\" class=\"alignright size-medium\" src=\"http:\/\/www.si-hu.eu\/hu2\/wp-content\/uploads\/sites\/10\/2021\/12\/Copy-of-Would-you-like-to-work-with-us-1-300x251.png\" width=\"300\" height=\"251\">A Sz\u00e9chenyi Programiroda Nonprofit Kft. ez\u00faton meghirdeti az Interreg V-A Ausztria-Magyarorsz\u00e1g Egy\u00fcttm\u0171k\u00f6d\u00e9si Program \u00e9s az Interreg V-A Szlov\u00e9nia-Magyarorsz\u00e1g Egy\u00fcttm\u0171k\u00f6d\u00e9si Program al\u00e1bbi poz\u00edci\u00f3j\u00e1t: Region\u00e1lis koordin\u00e1tor (ATHU) \u00e9s Infopont (SIHU)<\/p>\n<p>Munkav\u00e9gz\u00e9s helye: Szombathely<\/p>\n<p>Munkav\u00e9gz\u00e9s id\u0151tartama: 40 \u00f3ra\/h\u00e9t<\/p>\n<p>Munkaviszony: hat\u00e1rozatlan idej\u0171<\/p>\n<p>A p\u00e1ly\u00e1zatokkal kapcsolatos r\u00e9szletes inform\u00e1ci\u00f3k, a p\u00e1ly\u00e1zati k\u00f6vetelm\u00e9nyek, az \u00e9rt\u00e9kel\u00e9si szempontok, valamint a kiv\u00e1laszt\u00e1si folyamat l\u00e9p\u00e9sei az adott poz\u00edci\u00f3ra vonatkoz\u00f3 p\u00e1ly\u00e1zati felh\u00edv\u00e1sban tal\u00e1lhat\u00f3k (Let\u00f6lthet\u0151 a Kapcsol\u00f3d\u00f3 dokumentumok pont alatt).<\/p>\n<p>Az \u00f6n\u00e9letrajzokat (az eur\u00f3pai \u00f6n\u00e9letrajz, <a href=\"https:\/\/europa.eu\/europass\/select-language?destination=\/node\/1\">itt el\u00e9rhet\u0151 nyomtatv\u00e1ny\u00e1t<\/a> haszn\u00e1lva), valamint a maximum 1 oldal terjedelm\u0171 motiv\u00e1ci\u00f3s leveleket magyar \u00e9s angol nyelven v\u00e1rjuk az <a href=\"mailto:szpiallas@szpi.hu\">szpiallas@szpi.hu<\/a> e-mail c\u00edmre 2022. janu\u00e1r 12-ig.&nbsp;<\/p>\n<p>Kapcsol\u00f3d\u00f3 dokumentumok: <a href=\"http:\/\/www.si-hu.eu\/download\/Vacancy-announcement_Szombathely_20211215.pdf\" target=\"_blank\" rel=\"noopener\">Job_Vacancy_Szombathely<\/a><\/p>\n<\/div><\/section><\/div>\n","protected":false},"excerpt":{"rendered":"<p>A Sz\u00e9chenyi Programiroda Nonprofit Kft. ez\u00faton meghirdeti az Interreg V-A Ausztria-Magyarorsz\u00e1g Egy\u00fcttm\u0171k\u00f6d\u00e9si Program \u00e9s az Interreg V-A Szlov\u00e9nia-Magyarorsz\u00e1g Egy\u00fcttm\u0171k\u00f6d\u00e9si Program al\u00e1bbi poz\u00edci\u00f3j\u00e1t: Region\u00e1lis koordin\u00e1tor (ATHU) \u00e9s Infopont (SIHU).<\/p>\n","protected":false},"author":80,"featured_media":5582,"comment_status":"closed","ping_status":"open","sticky":false,"template":"","format":"standard","meta":{"ngg_post_thumbnail":0},"categories":[3],"tags":[],"acf":[],"_links":{"self":[{"href":"http:\/\/www.si-hu.eu\/hu2\/wp-json\/wp\/v2\/posts\/5549"}],"collection":[{"href":"http:\/\/www.si-hu.eu\/hu2\/wp-json\/wp\/v2\/posts"}],"about":[{"href":"http:\/\/www.si-hu.eu\/hu2\/wp-json\/wp\/v2\/types\/post"}],"author":[{"embeddable":true,"href":"http:\/\/www.si-hu.eu\/hu2\/wp-json\/wp\/v2\/users\/80"}],"replies":[{"embeddable":true,"href":"http:\/\/www.si-hu.eu\/hu2\/wp-json\/wp\/v2\/comments?post=5549"}],"version-history":[{"count":8,"href":"http:\/\/www.si-hu.eu\/hu2\/wp-json\/wp\/v2\/posts\/5549\/revisions"}],"predecessor-version":[{"id":5581,"href":"http:\/\/www.si-hu.eu\/hu2\/wp-json\/wp\/v2\/posts\/5549\/revisions\/5581"}],"wp:featuredmedia":[{"embeddable":true,"href":"http:\/\/www.si-hu.eu\/hu2\/wp-json\/wp\/v2\/media\/5582"}],"wp:attachment":[{"href":"http:\/\/www.si-hu.eu\/hu2\/wp-json\/wp\/v2\/media?parent=5549"}],"wp:term":[{"taxonomy":"category","embeddable":true,"href":"http:\/\/www.si-hu.eu\/hu2\/wp-json\/wp\/v2\/categories?post=5549"},{"taxonomy":"post_tag","embeddable":true,"href":"http:\/\/www.si-hu.eu\/hu2\/wp-json\/wp\/v2\/tags?post=5549"}],"curies":[{"name":"wp","href":"https:\/\/api.w.org\/{rel}","templated":true}]}}