{"id":5667,"date":"2022-08-25T08:18:57","date_gmt":"2022-08-25T07:18:57","guid":{"rendered":"http:\/\/www.si-hu.eu\/hu2\/?p=5667"},"modified":"2022-08-25T08:18:57","modified_gmt":"2022-08-25T07:18:57","slug":"beharangozo-ec-day-2022","status":"publish","type":"post","link":"http:\/\/www.si-hu.eu\/hu2\/2022\/08\/25\/beharangozo-ec-day-2022\/","title":{"rendered":"Beharangoz\u00f3! K\u00f6zlem\u00e9ny az Eur\u00f3pai Egy\u00fcttm\u0171k\u00f6d\u00e9s Napja 2022 rendezv\u00e9nnyel kapcsolatban"},"content":{"rendered":"\n<style type=\"text\/css\" data-created_by=\"avia_inline_auto\" id=\"style-css-av-4c3bq2-4d124c8d98b751d2145304266ac5c38b\">\n.flex_column.av-4c3bq2-4d124c8d98b751d2145304266ac5c38b{\nborder-radius:0px 0px 0px 0px;\n-webkit-border-radius:0px 0px 0px 0px;\n-moz-border-radius:0px 0px 0px 0px;\n}\n<\/style>\n<div class='flex_column av-4c3bq2-4d124c8d98b751d2145304266ac5c38b av_one_full  avia-builder-el-0  avia-builder-el-no-sibling  first flex_column_div av-zero-column-padding '   ><section  class='av_textblock_section av-35uemy-5baf34f9be4fa303968cf00f94e89d2c'  itemscope=\"itemscope\" itemtype=\"https:\/\/schema.org\/BlogPosting\" itemprop=\"blogPost\" ><div class='avia_textblock'  itemprop=\"text\" ><p>Jegyezze fel a d\u00e1tumot, \u00e9s vegyen r\u00e9szt a <strong>2022 \u00e9vi Eur\u00f3pai Egy\u00fcttm\u0171k\u00f6d\u00e9s Napja<\/strong> keret\u00e9ben megrendez\u00e9sre ker\u00fcl\u0151 sz\u0151l\u0151helyi piknik rendezv\u00e9ny\u00fcnk\u00f6n, amelyre <strong>2022. szeptember 24-\u00e9n, szombaton ker\u00fcl sor D\u00f6tk\u00f6n, Magyarorsz\u00e1gon<\/strong>.<\/p>\n<p style=\"text-align: center\"><a href=\"http:\/\/www.si-hu.eu\/hu2\/wp-content\/uploads\/sites\/10\/2022\/08\/announcment-EC-DAY-2022.png\"><img loading=\"lazy\" class=\"alignnone wp-image-5668\" src=\"http:\/\/www.si-hu.eu\/hu2\/wp-content\/uploads\/sites\/10\/2022\/08\/announcment-EC-DAY-2022-300x251.png\" alt=\"\" width=\"400\" height=\"335\" srcset=\"http:\/\/www.si-hu.eu\/hu2\/wp-content\/uploads\/sites\/10\/2022\/08\/announcment-EC-DAY-2022-300x251.png 300w, http:\/\/www.si-hu.eu\/hu2\/wp-content\/uploads\/sites\/10\/2022\/08\/announcment-EC-DAY-2022-768x644.png 768w, http:\/\/www.si-hu.eu\/hu2\/wp-content\/uploads\/sites\/10\/2022\/08\/announcment-EC-DAY-2022-600x503.png 600w, http:\/\/www.si-hu.eu\/hu2\/wp-content\/uploads\/sites\/10\/2022\/08\/announcment-EC-DAY-2022-705x591.png 705w, http:\/\/www.si-hu.eu\/hu2\/wp-content\/uploads\/sites\/10\/2022\/08\/announcment-EC-DAY-2022.png 940w\" sizes=\"(max-width: 400px) 100vw, 400px\" \/><\/a><\/p>\n<p>A rendezv\u00e9nyen val\u00f3 r\u00e9szv\u00e9tel ingyenes. A megh\u00edv\u00f3, a r\u00e9szletes program \u00e9s a jelentkez\u00e9si formanyomtatv\u00e1ny hamarosan el\u00e9rhet\u0151 lesz.<\/p>\n<\/div><\/section><\/div>\n","protected":false},"excerpt":{"rendered":"<p>Jegyezze fel a d\u00e1tumot, \u00e9s vegyen r\u00e9szt a 2022 \u00e9vi Eur\u00f3pai Egy\u00fcttm\u0171k\u00f6d\u00e9s Napja keret\u00e9ben megrendez\u00e9sre ker\u00fcl\u0151 sz\u0151l\u0151helyi piknik rendezv\u00e9ny\u00fcnk\u00f6n, amelyre 2022. szeptember 24-\u00e9n, szombaton ker\u00fcl sor D\u00f6tk\u00f6n, Magyarorsz\u00e1gon.<\/p>\n","protected":false},"author":19,"featured_media":5668,"comment_status":"closed","ping_status":"open","sticky":false,"template":"","format":"standard","meta":{"ngg_post_thumbnail":0},"categories":[3],"tags":[],"acf":[],"_links":{"self":[{"href":"http:\/\/www.si-hu.eu\/hu2\/wp-json\/wp\/v2\/posts\/5667"}],"collection":[{"href":"http:\/\/www.si-hu.eu\/hu2\/wp-json\/wp\/v2\/posts"}],"about":[{"href":"http:\/\/www.si-hu.eu\/hu2\/wp-json\/wp\/v2\/types\/post"}],"author":[{"embeddable":true,"href":"http:\/\/www.si-hu.eu\/hu2\/wp-json\/wp\/v2\/users\/19"}],"replies":[{"embeddable":true,"href":"http:\/\/www.si-hu.eu\/hu2\/wp-json\/wp\/v2\/comments?post=5667"}],"version-history":[{"count":3,"href":"http:\/\/www.si-hu.eu\/hu2\/wp-json\/wp\/v2\/posts\/5667\/revisions"}],"predecessor-version":[{"id":5671,"href":"http:\/\/www.si-hu.eu\/hu2\/wp-json\/wp\/v2\/posts\/5667\/revisions\/5671"}],"wp:featuredmedia":[{"embeddable":true,"href":"http:\/\/www.si-hu.eu\/hu2\/wp-json\/wp\/v2\/media\/5668"}],"wp:attachment":[{"href":"http:\/\/www.si-hu.eu\/hu2\/wp-json\/wp\/v2\/media?parent=5667"}],"wp:term":[{"taxonomy":"category","embeddable":true,"href":"http:\/\/www.si-hu.eu\/hu2\/wp-json\/wp\/v2\/categories?post=5667"},{"taxonomy":"post_tag","embeddable":true,"href":"http:\/\/www.si-hu.eu\/hu2\/wp-json\/wp\/v2\/tags?post=5667"}],"curies":[{"name":"wp","href":"https:\/\/api.w.org\/{rel}","templated":true}]}}