{"id":647,"date":"2016-06-02T11:32:46","date_gmt":"2016-06-02T10:32:46","guid":{"rendered":"http:\/\/www.si-hu.eu\/hu2\/?p=647"},"modified":"2016-06-02T11:32:46","modified_gmt":"2016-06-02T10:32:46","slug":"jovahagyasra-kerult-az-elso-projekt","status":"publish","type":"post","link":"http:\/\/www.si-hu.eu\/hu2\/2016\/06\/02\/jovahagyasra-kerult-az-elso-projekt\/","title":{"rendered":"J\u00d3V\u00c1HAGY\u00c1SRA KER\u00dcLT AZ ELS\u0150 PROJEKT"},"content":{"rendered":"<p>Az Interreg V-A Szlov\u00e9nia \u2013 Magyarorsz\u00e1g Egy\u00fcttm\u0171k\u00f6d\u00e9si Program j\u00f3v\u00e1hagyta a p\u00e1ly\u00e1zatok els\u0151 beny\u00fajt\u00e1si k\u00f6r\u00e9ben a <strong><em>GREEN EXERCISE<\/em><\/strong> r\u00f6vid c\u00edm\u0171 projektet. A mintegy 880.000 EUR ERFA t\u00e1rsfinansz\u00edroz\u00e1s az elk\u00f6vetkez\u0151 \u00e9vekben ker\u00fcl \u00e1tutal\u00e1sra a projektpartners\u00e9g r\u00e9sz\u00e9re.<\/p>\n<p>A 2016. m\u00e1jus 25-26-\u00e9n, Keszthelyen megtartott \u00fcl\u00e9s\u00e9n a program Monitoring Bizotts\u00e1ga 1 projektet v\u00e1lasztott ki finansz\u00edroz\u00e1s c\u00e9lj\u00e1b\u00f3l. \u00d6sszesen 46 p\u00e1ly\u00e1zat \u00e9rkezett a p\u00e1ly\u00e1zatok az els\u0151 beny\u00fajt\u00e1si hat\u00e1ridej\u00e9re. Ezek k\u00f6z\u00fcl 11 ker\u00fclt tartalmilag \u00e9rt\u00e9kel\u00e9sre. A sikeres projektpartners\u00e9ggel ezt k\u00f6vet\u0151en megk\u00f6t\u00e9sre ker\u00fcl a szerz\u0151d\u00e9s \u00e9s hamarosan megkezdik tev\u00e9kenys\u00e9geiket, melyek keret\u00e9ben a hat\u00e1rmenti ter\u00fcleten a kultur\u00e1lis \u00e9s term\u00e9szeti \u00f6r\u00f6ks\u00e9g l\u00e1that\u00f3s\u00e1g\u00e1nak n\u00f6vel\u00e9se \u00e9rdek\u00e9ben fejlesztenek ki turisztikai term\u00e9keket.<\/p>\n<p>A Monitoring Bizotts\u00e1g d\u00f6nt\u00e9sei <a href=\"http:\/\/www.si-hu.eu\/hu2\/2-monitoring-bizottsagi-ules\/\" target=\"_blank\">itt tal\u00e1lhat\u00f3k.<\/a><\/p>\n<p><a href=\"http:\/\/www.si-hu.eu\/hu2\/wp-content\/uploads\/sites\/10\/2016\/06\/image3.jpeg\"><img loading=\"lazy\" class=\"aligncenter wp-image-660\" src=\"http:\/\/www.si-hu.eu\/hu2\/wp-content\/uploads\/sites\/10\/2016\/06\/image3.jpeg\" alt=\"image3\" width=\"557\" height=\"307\" srcset=\"http:\/\/www.si-hu.eu\/hu2\/wp-content\/uploads\/sites\/10\/2016\/06\/image3.jpeg 669w, http:\/\/www.si-hu.eu\/hu2\/wp-content\/uploads\/sites\/10\/2016\/06\/image3-300x165.jpeg 300w, http:\/\/www.si-hu.eu\/hu2\/wp-content\/uploads\/sites\/10\/2016\/06\/image3-600x331.jpeg 600w, http:\/\/www.si-hu.eu\/hu2\/wp-content\/uploads\/sites\/10\/2016\/06\/image3-450x248.jpeg 450w\" sizes=\"(max-width: 557px) 100vw, 557px\" \/><\/a><\/p>\n<p>Itt ragadjuk meg az alkalmat \u00e9s mondunk k\u00f6sz\u00f6netet a k\u00e9rd\u0151\u00edvre adott v\u00e1laszok\u00e9rt \u00e9s v\u00e9lem\u00e9nyek\u00e9rt azzal kapcsolatban, hogy mennyire volt el\u00e9gedett a p\u00e1ly\u00e1zatok beny\u00fajt\u00e1s\u00e1ra vonatkoz\u00f3 elj\u00e1r\u00e1ssal. \u00a0Ezzel egyidej\u0171leg szeretn\u00e9nk megk\u00e9rni, hogy szak\u00edtson id\u0151 arra, hogy kit\u00f6lti a programunkra vonatkoz\u00f3 \u00faj k\u00e9rd\u0151\u00edvet, mert az \u00d6n seg\u00edts\u00e9g\u00e9vel tehetj\u00fck ezt a programot m\u00e9g jobb\u00e1. El\u0151re is k\u00f6sz\u00f6nj\u00fck. <a href=\"http:\/\/www.si-hu.eu\/en2\/qafterabandc\/\" target=\"_blank\">A k\u00e9rd\u0151\u00edv itt \u00e9rhet\u0151 el.<\/a><\/p>\n<p>&nbsp;<\/p>\n","protected":false},"excerpt":{"rendered":"<p>Az Interreg V-A Szlov\u00e9nia \u2013 Magyarorsz\u00e1g Egy\u00fcttm\u0171k\u00f6d\u00e9si Program j\u00f3v\u00e1hagyta a p\u00e1ly\u00e1zatok els\u0151 beny\u00fajt\u00e1si k\u00f6r\u00e9ben a GREEN EXERCISE r\u00f6vid c\u00edm\u0171 projektet. A mintegy 880.000 EUR ERFA t\u00e1rsfinansz\u00edroz\u00e1s az elk\u00f6vetkez\u0151 \u00e9vekben ker\u00fcl \u00e1tutal\u00e1sra a projektpartners\u00e9g r\u00e9sz\u00e9re.<\/p>\n","protected":false},"author":7,"featured_media":648,"comment_status":"closed","ping_status":"open","sticky":false,"template":"","format":"standard","meta":{"ngg_post_thumbnail":0},"categories":[3],"tags":[],"acf":[],"_links":{"self":[{"href":"http:\/\/www.si-hu.eu\/hu2\/wp-json\/wp\/v2\/posts\/647"}],"collection":[{"href":"http:\/\/www.si-hu.eu\/hu2\/wp-json\/wp\/v2\/posts"}],"about":[{"href":"http:\/\/www.si-hu.eu\/hu2\/wp-json\/wp\/v2\/types\/post"}],"author":[{"embeddable":true,"href":"http:\/\/www.si-hu.eu\/hu2\/wp-json\/wp\/v2\/users\/7"}],"replies":[{"embeddable":true,"href":"http:\/\/www.si-hu.eu\/hu2\/wp-json\/wp\/v2\/comments?post=647"}],"version-history":[{"count":0,"href":"http:\/\/www.si-hu.eu\/hu2\/wp-json\/wp\/v2\/posts\/647\/revisions"}],"wp:featuredmedia":[{"embeddable":true,"href":"http:\/\/www.si-hu.eu\/hu2\/wp-json\/wp\/v2\/media\/648"}],"wp:attachment":[{"href":"http:\/\/www.si-hu.eu\/hu2\/wp-json\/wp\/v2\/media?parent=647"}],"wp:term":[{"taxonomy":"category","embeddable":true,"href":"http:\/\/www.si-hu.eu\/hu2\/wp-json\/wp\/v2\/categories?post=647"},{"taxonomy":"post_tag","embeddable":true,"href":"http:\/\/www.si-hu.eu\/hu2\/wp-json\/wp\/v2\/tags?post=647"}],"curies":[{"name":"wp","href":"https:\/\/api.w.org\/{rel}","templated":true}]}}