{"id":676,"date":"2016-06-20T08:43:58","date_gmt":"2016-06-20T07:43:58","guid":{"rendered":"http:\/\/www.si-hu.eu\/hu2\/?p=676"},"modified":"2016-06-20T08:51:54","modified_gmt":"2016-06-20T07:51:54","slug":"palyazoknak-szolo-workshop-a-palyazatok-masodik-benyujtasi-hataridejenek-kereteben","status":"publish","type":"post","link":"http:\/\/www.si-hu.eu\/hu2\/2016\/06\/20\/palyazoknak-szolo-workshop-a-palyazatok-masodik-benyujtasi-hataridejenek-kereteben\/","title":{"rendered":"P\u00e1ly\u00e1z\u00f3knak sz\u00f3l\u00f3 workshop a p\u00e1ly\u00e1zatok m\u00e1sodik beny\u00fajt\u00e1si hat\u00e1ridej\u00e9nek keret\u00e9ben"},"content":{"rendered":"<p><a href=\"http:\/\/www.si-hu.eu\/hu2\/novice\/galerija-slik\/\" target=\"_blank\"><img loading=\"lazy\" class=\"alignleft wp-image-671\" src=\"http:\/\/www.si-hu.eu\/hu2\/wp-content\/uploads\/sites\/10\/2016\/06\/FotorCreated.jpg\" alt=\"FotorCreated\" width=\"363\" height=\"204\" srcset=\"http:\/\/www.si-hu.eu\/hu2\/wp-content\/uploads\/sites\/10\/2016\/06\/FotorCreated.jpg 1366w, http:\/\/www.si-hu.eu\/hu2\/wp-content\/uploads\/sites\/10\/2016\/06\/FotorCreated-300x169.jpg 300w, http:\/\/www.si-hu.eu\/hu2\/wp-content\/uploads\/sites\/10\/2016\/06\/FotorCreated-1030x579.jpg 1030w, http:\/\/www.si-hu.eu\/hu2\/wp-content\/uploads\/sites\/10\/2016\/06\/FotorCreated-600x337.jpg 600w, http:\/\/www.si-hu.eu\/hu2\/wp-content\/uploads\/sites\/10\/2016\/06\/FotorCreated-705x396.jpg 705w, http:\/\/www.si-hu.eu\/hu2\/wp-content\/uploads\/sites\/10\/2016\/06\/FotorCreated-450x253.jpg 450w\" sizes=\"(max-width: 363px) 100vw, 363px\" \/><\/a>Az Interreg V-A Szlov\u00e9nia-Magyarorsz\u00e1g Egy\u00fcttm\u0171k\u00f6d\u00e9si Program 2014-2020 Ny\u00edlt P\u00e1ly\u00e1zati Felh\u00edv\u00e1s\u00e1nak keret\u00e9ben a m\u00e1sodik beny\u00fajt\u00e1si hat\u00e1rid\u0151t megel\u0151z\u0151en egy workshop ker\u00fclt megrendez\u00e9sre a potenci\u00e1lis p\u00e1ly\u00e1z\u00f3k t\u00e1j\u00e9koztat\u00e1sa \u00e9rdek\u00e9ben.<\/p>\n<p>Az Interreg V-A Szlov\u00e9nia-Magyarorsz\u00e1g Egy\u00fcttm\u0171k\u00f6d\u00e9si Program 2014-2020 Ny\u00edlt P\u00e1ly\u00e1zati Felh\u00edv\u00e1s\u00e1nak m\u00e1sodik beny\u00fajt\u00e1si hat\u00e1ridej\u00e9nek keret\u00e9ben megrendezett workshopra Szlov\u00e9ni\u00e1ban, Moravske Toplice-ben a Terme Vivat-ban 2016. j\u00fanius 14-\u00e9n ker\u00fclt sor.<\/p>\n<p>A workshop keret\u00e9ben az Ir\u00e1ny\u00edt\u00f3 Hat\u00f3s\u00e1g \u00e9s a K\u00f6z\u00f6s Titk\u00e1rs\u00e1g r\u00f6viden ismertette a r\u00e9sztvev\u0151kkel az Egy\u00fcttm\u0171k\u00f6d\u00e9si Programot, a Ny\u00edlt P\u00e1ly\u00e1zati Felh\u00edv\u00e1sra vonatkoz\u00f3 inform\u00e1ci\u00f3kat, az els\u0151 beny\u00fajt\u00e1si hat\u00e1rid\u0151vel kapcsolatos folyamatokat; \u00f6sszegezte a leggyakoribb adminisztrat\u00edv hib\u00e1kat, bemutatta a K\u00f6lts\u00e9gek elsz\u00e1molhat\u00f3s\u00e1g\u00e1ra vonatkoz\u00f3 szab\u00e1lyokat, a T\u00e1j\u00e9koztat\u00e1sra \u00e9s nyilv\u00e1noss\u00e1gra vonatkoz\u00f3 el\u0151\u00edr\u00e1sokat, a p\u00e1ly\u00e1zati formanyomtatv\u00e1ny mell\u00e9kleteit \u00e9s az elektronikus Monitoring Rendszert (eMS), amelyen kereszt\u00fcl ny\u00fajthatj\u00e1k be a p\u00e1ly\u00e1z\u00f3k a projektjavaslataikat.<\/p>\n<p>A p\u00e1ly\u00e1zatok m\u00e1sodik beny\u00fajt\u00e1si hat\u00e1rideje 2016. j\u00falius 25-\u00e9n j\u00e1r le. A harmadik beny\u00fajt\u00e1si hat\u00e1rid\u0151 2017 elej\u00e9re v\u00e1rhat\u00f3.<\/p>\n<p>A m\u0171helyekkel kapcsolatos tov\u00e1bbi inform\u00e1ci\u00f3k\u00e9rt kattintson <a href=\"http:\/\/www.si-hu.eu\/hu2\/?page_id=703&amp;preview=true\" target=\"_blank\">P\u00e1ly\u00e1z\u00f3knak sz\u00f3l\u00f3 workshop a p\u00e1ly\u00e1zatok m\u00e1sodik beny\u00fajt\u00e1si hat\u00e1ridej\u00e9nek keret\u00e9ben.<\/a><\/p>\n","protected":false},"excerpt":{"rendered":"<p>Az Interreg V-A Szlov\u00e9nia-Magyarorsz\u00e1g Egy\u00fcttm\u0171k\u00f6d\u00e9si Program 2014-2020 Ny\u00edlt P\u00e1ly\u00e1zati Felh\u00edv\u00e1s\u00e1nak keret\u00e9ben a m\u00e1sodik beny\u00fajt\u00e1si hat\u00e1rid\u0151t megel\u0151z\u0151en egy workshop ker\u00fclt megrendez\u00e9sre a potenci\u00e1lis p\u00e1ly\u00e1z\u00f3k t\u00e1j\u00e9koztat\u00e1sa \u00e9rdek\u00e9ben.<\/p>\n","protected":false},"author":7,"featured_media":671,"comment_status":"closed","ping_status":"open","sticky":false,"template":"","format":"standard","meta":{"ngg_post_thumbnail":0},"categories":[3],"tags":[],"acf":[],"_links":{"self":[{"href":"http:\/\/www.si-hu.eu\/hu2\/wp-json\/wp\/v2\/posts\/676"}],"collection":[{"href":"http:\/\/www.si-hu.eu\/hu2\/wp-json\/wp\/v2\/posts"}],"about":[{"href":"http:\/\/www.si-hu.eu\/hu2\/wp-json\/wp\/v2\/types\/post"}],"author":[{"embeddable":true,"href":"http:\/\/www.si-hu.eu\/hu2\/wp-json\/wp\/v2\/users\/7"}],"replies":[{"embeddable":true,"href":"http:\/\/www.si-hu.eu\/hu2\/wp-json\/wp\/v2\/comments?post=676"}],"version-history":[{"count":1,"href":"http:\/\/www.si-hu.eu\/hu2\/wp-json\/wp\/v2\/posts\/676\/revisions"}],"predecessor-version":[{"id":1249,"href":"http:\/\/www.si-hu.eu\/hu2\/wp-json\/wp\/v2\/posts\/676\/revisions\/1249"}],"wp:featuredmedia":[{"embeddable":true,"href":"http:\/\/www.si-hu.eu\/hu2\/wp-json\/wp\/v2\/media\/671"}],"wp:attachment":[{"href":"http:\/\/www.si-hu.eu\/hu2\/wp-json\/wp\/v2\/media?parent=676"}],"wp:term":[{"taxonomy":"category","embeddable":true,"href":"http:\/\/www.si-hu.eu\/hu2\/wp-json\/wp\/v2\/categories?post=676"},{"taxonomy":"post_tag","embeddable":true,"href":"http:\/\/www.si-hu.eu\/hu2\/wp-json\/wp\/v2\/tags?post=676"}],"curies":[{"name":"wp","href":"https:\/\/api.w.org\/{rel}","templated":true}]}}