{"id":722,"date":"2016-06-24T09:19:19","date_gmt":"2016-06-24T08:19:19","guid":{"rendered":"http:\/\/www.si-hu.eu\/hu2\/?p=722"},"modified":"2016-06-24T09:19:19","modified_gmt":"2016-06-24T08:19:19","slug":"kozlemeny-a-palyazatok-2-benyujtasi-hataridejenek-lejartaval-kapcsolatban","status":"publish","type":"post","link":"http:\/\/www.si-hu.eu\/hu2\/2016\/06\/24\/kozlemeny-a-palyazatok-2-benyujtasi-hataridejenek-lejartaval-kapcsolatban\/","title":{"rendered":"K\u00d6ZLEM\u00c9NY A P\u00c1LY\u00c1ZATOK 2. BENY\u00daJT\u00c1SI HAT\u00c1RIDEJ\u00c9NEK LEJ\u00c1RT\u00c1VAL KAPCSOLATBAN"},"content":{"rendered":"<p><img loading=\"lazy\" class=\"size-medium wp-image-568 alignleft\" src=\"http:\/\/www.si-hu.eu\/hu2\/wp-content\/uploads\/sites\/10\/2016\/02\/deadline-300x170.png\" alt=\"deadline\" width=\"300\" height=\"170\" srcset=\"http:\/\/www.si-hu.eu\/hu2\/wp-content\/uploads\/sites\/10\/2016\/02\/deadline-300x170.png 300w, http:\/\/www.si-hu.eu\/hu2\/wp-content\/uploads\/sites\/10\/2016\/02\/deadline-450x254.png 450w, http:\/\/www.si-hu.eu\/hu2\/wp-content\/uploads\/sites\/10\/2016\/02\/deadline.png 460w\" sizes=\"(max-width: 300px) 100vw, 300px\" \/><\/p>\n<p>Ez\u00faton t\u00e1j\u00e9koztatjuk \u00d6n\u00f6ket, hogy az Interreg V-A Szlov\u00e9nia-Magyarorsz\u00e1g Egy\u00fcttm\u0171k\u00f6d\u00e9si Program Ny\u00edlt P\u00e1ly\u00e1zati Felh\u00edv\u00e1s\u00e1nak keret\u00e9ben a p\u00e1ly\u00e1zatok beny\u00fajt\u00e1si hat\u00e1rideje <strong><span style=\"color: #008000;\">2016. j\u00falius 25-\u00e9n h\u00e9tf\u0151n d\u00e9li 12 \u00f3ra.<\/span><\/strong><\/p>\n<p>Tekintettel a k\u00f6zelg\u0151 hat\u00e1rid\u0151re, azt javasoljuk, hogy p\u00e1ly\u00e1zat\u00e1t mihamarabb ny\u00fajts be \u00e9s nem v\u00e1rjon az utols\u00f3 pillanatig.<\/p>\n<p>A Ny\u00edlt P\u00e1ly\u00e1zati Felh\u00edv\u00e1s \u00e9s a p\u00e1ly\u00e1zati csomag a program weboldal\u00e1n el\u00e9rhet\u0151.<\/p>\n<p>Sikeres p\u00e1ly\u00e1zati beny\u00fajt\u00e1st k\u00edv\u00e1nunk!<\/p>\n","protected":false},"excerpt":{"rendered":"<p>Ez\u00faton t\u00e1j\u00e9koztatjuk \u00d6n\u00f6ket, hogy az Interreg V-A Szlov\u00e9nia-Magyarorsz\u00e1g Egy\u00fcttm\u0171k\u00f6d\u00e9si Program Ny\u00edlt P\u00e1ly\u00e1zati Felh\u00edv\u00e1s\u00e1nak keret\u00e9ben a p\u00e1ly\u00e1zatok beny\u00fajt\u00e1si hat\u00e1rideje 2016. j\u00falius 25-\u00e9n h\u00e9tf\u0151n d\u00e9li 12 \u00f3ra.<\/p>\n","protected":false},"author":7,"featured_media":568,"comment_status":"closed","ping_status":"closed","sticky":false,"template":"","format":"standard","meta":{"ngg_post_thumbnail":0},"categories":[3],"tags":[],"acf":[],"_links":{"self":[{"href":"http:\/\/www.si-hu.eu\/hu2\/wp-json\/wp\/v2\/posts\/722"}],"collection":[{"href":"http:\/\/www.si-hu.eu\/hu2\/wp-json\/wp\/v2\/posts"}],"about":[{"href":"http:\/\/www.si-hu.eu\/hu2\/wp-json\/wp\/v2\/types\/post"}],"author":[{"embeddable":true,"href":"http:\/\/www.si-hu.eu\/hu2\/wp-json\/wp\/v2\/users\/7"}],"replies":[{"embeddable":true,"href":"http:\/\/www.si-hu.eu\/hu2\/wp-json\/wp\/v2\/comments?post=722"}],"version-history":[{"count":0,"href":"http:\/\/www.si-hu.eu\/hu2\/wp-json\/wp\/v2\/posts\/722\/revisions"}],"wp:featuredmedia":[{"embeddable":true,"href":"http:\/\/www.si-hu.eu\/hu2\/wp-json\/wp\/v2\/media\/568"}],"wp:attachment":[{"href":"http:\/\/www.si-hu.eu\/hu2\/wp-json\/wp\/v2\/media?parent=722"}],"wp:term":[{"taxonomy":"category","embeddable":true,"href":"http:\/\/www.si-hu.eu\/hu2\/wp-json\/wp\/v2\/categories?post=722"},{"taxonomy":"post_tag","embeddable":true,"href":"http:\/\/www.si-hu.eu\/hu2\/wp-json\/wp\/v2\/tags?post=722"}],"curies":[{"name":"wp","href":"https:\/\/api.w.org\/{rel}","templated":true}]}}