{"id":2668,"date":"2010-08-31T09:01:00","date_gmt":"2010-08-31T08:01:00","guid":{"rendered":"http:\/\/www.si-hu.eu\/si2\/si-hublog\/dnevi-odprtih-vrat\/"},"modified":"2015-08-21T14:48:40","modified_gmt":"2015-08-21T13:48:40","slug":"dnevi-odprtih-vrat","status":"publish","type":"post","link":"http:\/\/www.si-hu.eu\/si2\/blog\/dnevi-odprtih-vrat\/","title":{"rendered":"Dnevi odprtih vrat"},"content":{"rendered":"<p>Slu\u017eba Vlade Republike Slovenije za lokalno samoupravo in regionalno politiko<\/b> bo v okviru 2. javnega razpisa Operativnega programa Slovenija-Mad\u017earska 2007\u20132013 organizirala <b>dneve odprtih vrat za potencialne prijavitelje in njihove \u010dezmejne partnerje, namenjene pomo\u010di pri pripravi projektnih predlogov za oddajo na 2. javni razpis<\/b>. <b>Individualni sestanki <\/b>bodo potekali v prostorih Slu\u017ebe Vlade Republike Slovenije za lokalno samoupravo in regionalno politiko, v Oddelku za upravljanje \u010dezmejnih programov Maribor, Svetozarevska 6, <b>po naslednjem razporedu<\/b>: \u2022 ponedeljek, 13. septembra 2010, od 9.00h \u2013 12.00h in od 13.00h \u2013 14.30h;  \u2022 torek, 14. septembra 2010, od 9.00h \u2013 12.00h in od 13.00h \u2013 14.30h;  \u2022 sreda, 15. septembra 2010, od 9.00- 12.00h in od 13.00h \u2013 14.30h; \u2022 \u010detrtek, 16.septembra  2010, od 9.00h \u2013 12.00h in od 13.00h \u2013 14.30h;  \u2022 petek, 17. septembra 2010, od 9.00h \u2013 12.00h in od 13.00h \u2013 14.30h   Zainteresirani za individualno pomo\u010d se lahko naro\u010dijo na tel. \u0161t. <b>02 229 42 34<\/b>. Prijavitelji in va\u0161i \u010dezmejni partnerji imate na voljo <b>najve\u010d 90 minut svetovanja<\/b>, zato Vas vljudno prosimo, da konkretna vpra\u0161anja pripravite vnaprej in nam jih skupaj s projektno idejo posredujete na prilo\u017eenem obrazcu <b>najmanj 3 dni <\/b><b>pred<\/b> \u017eelenim terminom na elektronski naslov <b>jts-si-hu.svlr@gov.si<\/b><\/p>\n<p><a href=\"http:\/\/www.si-hu.eu\/si2\/si-huwp-content\/uploads\/2015\/08\/Projektna ideja\">Projektna ideja <\/a><\/p>\n","protected":false},"excerpt":{"rendered":"<p>Dnevi odprtih vrat za potencialne prijavitelje in njihove \u010dezmejne partnerje v okviru Operativnega programa Slovenija-Mad\u017earska 2007-2013.<\/p>\n","protected":false},"author":1,"featured_media":0,"comment_status":"open","ping_status":"open","sticky":false,"template":"","format":"standard","meta":{"ngg_post_thumbnail":0},"categories":[8],"tags":[],"_links":{"self":[{"href":"http:\/\/www.si-hu.eu\/si2\/wp-json\/wp\/v2\/posts\/2668"}],"collection":[{"href":"http:\/\/www.si-hu.eu\/si2\/wp-json\/wp\/v2\/posts"}],"about":[{"href":"http:\/\/www.si-hu.eu\/si2\/wp-json\/wp\/v2\/types\/post"}],"author":[{"embeddable":true,"href":"http:\/\/www.si-hu.eu\/si2\/wp-json\/wp\/v2\/users\/1"}],"replies":[{"embeddable":true,"href":"http:\/\/www.si-hu.eu\/si2\/wp-json\/wp\/v2\/comments?post=2668"}],"version-history":[{"count":1,"href":"http:\/\/www.si-hu.eu\/si2\/wp-json\/wp\/v2\/posts\/2668\/revisions"}],"predecessor-version":[{"id":2689,"href":"http:\/\/www.si-hu.eu\/si2\/wp-json\/wp\/v2\/posts\/2668\/revisions\/2689"}],"wp:attachment":[{"href":"http:\/\/www.si-hu.eu\/si2\/wp-json\/wp\/v2\/media?parent=2668"}],"wp:term":[{"taxonomy":"category","embeddable":true,"href":"http:\/\/www.si-hu.eu\/si2\/wp-json\/wp\/v2\/categories?post=2668"},{"taxonomy":"post_tag","embeddable":true,"href":"http:\/\/www.si-hu.eu\/si2\/wp-json\/wp\/v2\/tags?post=2668"}],"curies":[{"name":"wp","href":"https:\/\/api.w.org\/{rel}","templated":true}]}}