{"id":2672,"date":"2009-08-17T07:22:00","date_gmt":"2009-08-17T06:22:00","guid":{"rendered":"http:\/\/www.si-hu.eu\/si2\/si-hublog\/najava-konference-o-cezmejnem-sodelovanju-avstrija-hrvaska-italija-madzarska-in-slovenija\/"},"modified":"2009-08-17T07:22:00","modified_gmt":"2009-08-17T06:22:00","slug":"najava-konference-o-cezmejnem-sodelovanju-avstrija-hrvaska-italija-madzarska-in-slovenija","status":"publish","type":"post","link":"http:\/\/www.si-hu.eu\/si2\/blog\/najava-konference-o-cezmejnem-sodelovanju-avstrija-hrvaska-italija-madzarska-in-slovenija\/","title":{"rendered":"Najava Konference o \u010dezmejnem sodelovanju Avstrija, Hrva\u0161ka, Italija, Mad\u017earska in Slovenija"},"content":{"rendered":"<p>Obrtno-podjetni\u0161ka zbornica Slovenije ter njihovimi mednarodnimi partnerji \u2013 Wirtshaftcammer Graz, Slovenska gospodarska zveza v Celovcu, Slovenska gospodarska zveza iz Trsta, IPOSZ, HOK &#8211; v sodelovanju s Slu\u017ebo Vlade RS za lokalno samoupravo in regionalno politiko organizira Konferenco o \u010dezmejnem sodelovanju Avstrije, Hrva\u0161ke, Italije, Mad\u017earske in Slovenije. Konferenca bo potekala v sklopu 42. Mednarodnega obrtnega sejma v Celju, v sredo, 16. septembra 2009, ob 10. uri, v Mali kongresni dvorani. Glavni namen konference je pregledati dosedanji potek in vsebino programov \u010dezmejnega sodelovanja in izmenjati poglede na prihodnje sodelovanje v regiji ter se osredoto\u010diti  na dejavnosti in ukrepe, ki lahko pripomorejo k bolj\u0161emu gospodarskemu sodelovanju v regiji na podro\u010dju malih in srednje velikih podjetij.  Okvirni dnevni red konference:                       10.00 Pozdravni nagovori           10.15 Pregled dosedanjih rezultatov \u010dezmejnega sodelovanja (Cilj 3) v lu\u010di zastavljenih ciljev: o   Operativni program Slovenija-Avstrija 2007-2013 o   Operativni program Hrva\u0161ka-Slovenija 2007-2013 o   Operativni program Italija-Slovenija 2007-2013 o   Operativni program Slovenija-Mad\u017earska 2007-2013            11.45 Odmor                                 12.00 \u2013 13.30 Razprava      Vsi zainteresirani ste vljudno vabljeni, da se konference udele\u017eite.<\/p>\n","protected":false},"excerpt":{"rendered":"<p>Obrtno-podjetni\u0161ka zbornica Slovenije ter njihovimi mednarodnimi partnerji \u2013 Wirtshaftcammer Graz, Slovenska gospodarska zveza v Celovcu, Slovenska gospodarska zveza iz Trsta, IPOSZ, HOK &#8211; v sodelovanju s Slu\u017ebo Vlade RS za lokalno samoupravo in regionalno politiko organizira Konferenco o \u010dezmejnem sodelovanju Avstrije, Hrva\u0161ke, Italije, Mad\u017earske in Slovenije.<\/p>\n","protected":false},"author":1,"featured_media":0,"comment_status":"open","ping_status":"open","sticky":false,"template":"","format":"standard","meta":{"ngg_post_thumbnail":0},"categories":[8],"tags":[],"_links":{"self":[{"href":"http:\/\/www.si-hu.eu\/si2\/wp-json\/wp\/v2\/posts\/2672"}],"collection":[{"href":"http:\/\/www.si-hu.eu\/si2\/wp-json\/wp\/v2\/posts"}],"about":[{"href":"http:\/\/www.si-hu.eu\/si2\/wp-json\/wp\/v2\/types\/post"}],"author":[{"embeddable":true,"href":"http:\/\/www.si-hu.eu\/si2\/wp-json\/wp\/v2\/users\/1"}],"replies":[{"embeddable":true,"href":"http:\/\/www.si-hu.eu\/si2\/wp-json\/wp\/v2\/comments?post=2672"}],"version-history":[{"count":0,"href":"http:\/\/www.si-hu.eu\/si2\/wp-json\/wp\/v2\/posts\/2672\/revisions"}],"wp:attachment":[{"href":"http:\/\/www.si-hu.eu\/si2\/wp-json\/wp\/v2\/media?parent=2672"}],"wp:term":[{"taxonomy":"category","embeddable":true,"href":"http:\/\/www.si-hu.eu\/si2\/wp-json\/wp\/v2\/categories?post=2672"},{"taxonomy":"post_tag","embeddable":true,"href":"http:\/\/www.si-hu.eu\/si2\/wp-json\/wp\/v2\/tags?post=2672"}],"curies":[{"name":"wp","href":"https:\/\/api.w.org\/{rel}","templated":true}]}}