{"id":2673,"date":"2009-09-14T12:03:00","date_gmt":"2009-09-14T11:03:00","guid":{"rendered":"http:\/\/www.si-hu.eu\/si2\/si-hublog\/podpis-prvih-pogodb-o-sofinanciranju-za-projekte-odobrene-v-okviru-op-si-hu-2007-2013\/"},"modified":"2009-09-14T12:03:00","modified_gmt":"2009-09-14T11:03:00","slug":"podpis-prvih-pogodb-o-sofinanciranju-za-projekte-odobrene-v-okviru-op-si-hu-2007-2013","status":"publish","type":"post","link":"http:\/\/www.si-hu.eu\/si2\/blog\/podpis-prvih-pogodb-o-sofinanciranju-za-projekte-odobrene-v-okviru-op-si-hu-2007-2013\/","title":{"rendered":"Podpis prvih pogodb o sofinanciranju za projekte odobrene v okviru OP SI-HU 2007-2013"},"content":{"rendered":"<p>Slu\u017eba Vlade RS za lokalno samoupravo in regionalno politiko, ki jo vodi ministrica mag. Zlata Plo\u0161tajner, kot organ upravljanja organizira sve\u010dan podpis prvih pogodb o sofinanciranju projektov, ki so bili odobreni v okviru  1.  javnega razpisa Operativnega programa Slovenija-Mad\u017earska za programsko obdobje 2007-2013, ki bo v torek, 29. septembra ob 11.00 uri, v Pokrajinskem muzeju Murska Sobota, Trubarjev drevored 4, Murska Sobota.   Sve\u010danega podpisa pogodb se bodo udele\u017eili predstavniki organa upravljanja, programski partnerji in predstavniki vodilnih oziroma projektnih partnerjev.  Slu\u017eba Vlade RS za lokalno samoupravo in regionalno politiko je v letu 2008 objavila 1. javni razpis za sofinanciranje projektov iz sredstev Evropskega sklada za regionalni razvoj v vi\u0161ini 14.000.000,00 evrov in sicer za sofinanciranje dejavnosti, ki se nana\u0161ajo na pove\u010danje privla\u010dnosti obmo\u010dja sodelovanja in trajnostni razvoj.<\/p>\n","protected":false},"excerpt":{"rendered":"<p>Slu\u017eba Vlade RS za lokalno samoupravo in regionalno politiko, ki jo vodi ministrica mag. Zlata Plo\u0161tajner, kot organ upravljanja organizira sve\u010dan podpis prvih pogodb o sofinanciranju projektov, ki so bili odobreni v okviru  1.  javnega razpisa Operativnega programa Slovenija-Mad\u017earska za programsko obdobje 2007-2013, ki bo v torek, 29. septembra ob 11.00 uri, v Pokrajinskem muzeju Murska Sobota, Trubarjev drevored 4, Murska Sobota.<\/p>\n","protected":false},"author":1,"featured_media":0,"comment_status":"open","ping_status":"open","sticky":false,"template":"","format":"standard","meta":{"ngg_post_thumbnail":0},"categories":[8],"tags":[],"_links":{"self":[{"href":"http:\/\/www.si-hu.eu\/si2\/wp-json\/wp\/v2\/posts\/2673"}],"collection":[{"href":"http:\/\/www.si-hu.eu\/si2\/wp-json\/wp\/v2\/posts"}],"about":[{"href":"http:\/\/www.si-hu.eu\/si2\/wp-json\/wp\/v2\/types\/post"}],"author":[{"embeddable":true,"href":"http:\/\/www.si-hu.eu\/si2\/wp-json\/wp\/v2\/users\/1"}],"replies":[{"embeddable":true,"href":"http:\/\/www.si-hu.eu\/si2\/wp-json\/wp\/v2\/comments?post=2673"}],"version-history":[{"count":0,"href":"http:\/\/www.si-hu.eu\/si2\/wp-json\/wp\/v2\/posts\/2673\/revisions"}],"wp:attachment":[{"href":"http:\/\/www.si-hu.eu\/si2\/wp-json\/wp\/v2\/media?parent=2673"}],"wp:term":[{"taxonomy":"category","embeddable":true,"href":"http:\/\/www.si-hu.eu\/si2\/wp-json\/wp\/v2\/categories?post=2673"},{"taxonomy":"post_tag","embeddable":true,"href":"http:\/\/www.si-hu.eu\/si2\/wp-json\/wp\/v2\/tags?post=2673"}],"curies":[{"name":"wp","href":"https:\/\/api.w.org\/{rel}","templated":true}]}}