{"id":2687,"date":"2010-08-30T06:23:00","date_gmt":"2010-08-30T05:23:00","guid":{"rendered":"http:\/\/www.si-hu.eu\/si2\/si-hublog\/obvestilo-o-spremembi-naslova-sedeza-sluzbe-vlade-rs-za-lokalno-samoupravo-in-regionalno-politiko\/"},"modified":"2010-08-30T06:23:00","modified_gmt":"2010-08-30T05:23:00","slug":"obvestilo-o-spremembi-naslova-sedeza-sluzbe-vlade-rs-za-lokalno-samoupravo-in-regionalno-politiko","status":"publish","type":"post","link":"http:\/\/www.si-hu.eu\/si2\/blog\/obvestilo-o-spremembi-naslova-sedeza-sluzbe-vlade-rs-za-lokalno-samoupravo-in-regionalno-politiko\/","title":{"rendered":"OBVESTILO O SPREMEMBI NASLOVA SEDE\u017dA SLU\u017dBE VLADE RS ZA LOKALNO SAMOUPRAVO IN REGIONALNO POLITIKO"},"content":{"rendered":"<p>Sede\u017e Slu\u017ebe Vlade Republike  za lokalno samoupravo in regionalno politiko se z dnem <b>1.<\/b> <b>september 2010 <\/b>seli na novo lokacijo. Nove telefonske \u0161tevilke in \u0161tevilke faksov bodo objavljene na spletni strani.  Nov naslov se glasi:  <b>Slu\u017eba Vlade Republike Slovenije za lokalno samoupravo in regionalno politiko Dunajska cesta 58 SI -1000 Ljubljana <\/b>  Lokacija SVLR, Oddelka za upravljanje \u010dezmejnih programov Maribor ostaja enaka<\/p>\n","protected":false},"excerpt":{"rendered":"<p>Sede\u017e Slu\u017ebe Vlade Republike  za lokalno samoupravo in regionalno politiko se z dnem <b>1. <\/b><b>september 2010<\/b> seli na novo lokacijo. Nove telefonske \u0161tevilke in \u0161tevilke faksov bodo objavljene na spletni strani.<\/p>\n","protected":false},"author":1,"featured_media":0,"comment_status":"open","ping_status":"open","sticky":false,"template":"","format":"standard","meta":{"ngg_post_thumbnail":0},"categories":[8],"tags":[],"_links":{"self":[{"href":"http:\/\/www.si-hu.eu\/si2\/wp-json\/wp\/v2\/posts\/2687"}],"collection":[{"href":"http:\/\/www.si-hu.eu\/si2\/wp-json\/wp\/v2\/posts"}],"about":[{"href":"http:\/\/www.si-hu.eu\/si2\/wp-json\/wp\/v2\/types\/post"}],"author":[{"embeddable":true,"href":"http:\/\/www.si-hu.eu\/si2\/wp-json\/wp\/v2\/users\/1"}],"replies":[{"embeddable":true,"href":"http:\/\/www.si-hu.eu\/si2\/wp-json\/wp\/v2\/comments?post=2687"}],"version-history":[{"count":0,"href":"http:\/\/www.si-hu.eu\/si2\/wp-json\/wp\/v2\/posts\/2687\/revisions"}],"wp:attachment":[{"href":"http:\/\/www.si-hu.eu\/si2\/wp-json\/wp\/v2\/media?parent=2687"}],"wp:term":[{"taxonomy":"category","embeddable":true,"href":"http:\/\/www.si-hu.eu\/si2\/wp-json\/wp\/v2\/categories?post=2687"},{"taxonomy":"post_tag","embeddable":true,"href":"http:\/\/www.si-hu.eu\/si2\/wp-json\/wp\/v2\/tags?post=2687"}],"curies":[{"name":"wp","href":"https:\/\/api.w.org\/{rel}","templated":true}]}}