{"id":2701,"date":"2011-07-27T08:46:00","date_gmt":"2011-07-27T07:46:00","guid":{"rendered":"http:\/\/www.si-hu.eu\/si2\/si-hublog\/6-tridezelni-kolesarski-maraton-goricko-raab-orseg\/"},"modified":"2011-07-27T08:46:00","modified_gmt":"2011-07-27T07:46:00","slug":"6-tridezelni-kolesarski-maraton-goricko-raab-orseg","status":"publish","type":"post","link":"http:\/\/www.si-hu.eu\/si2\/blog\/6-tridezelni-kolesarski-maraton-goricko-raab-orseg\/","title":{"rendered":"6. tride\u017eelni kolesarski maraton Gori\u010dko-Raab-\u0150rs\u00e9g"},"content":{"rendered":"<p>Pozdravljeni ljubitelji rekreativnega kolesarjenja!   Krajinski park Gori\u010dko tudi letos organizira \u017ee 6. tride\u017eelni kolesarski maraton Gori\u010dko-Raab-\u0150rs\u00e9g, ki bo potekal, 10. septembra 2011 pri gradu Grad na Gori\u010dkem.   Kolesarjenje je rekreativne narave, zato bodo med potjo organizirani kraj\u0161i postanki, kjer se bodo kolesarji lahko okrep\u010dali ter imeli prilo\u017enost spoznati naravno in kulturno krajino sosednjih de\u017eel.  Pripravljamo dve progi, kraj\u0161o za rekreativce in dalj\u0161o, namenjeno vzdr\u017eljivej\u0161im kolesarjem.    Ve\u010d o tem \u0161portno dru\u017eabnem dogodku na povezavi: http:\/\/www.park-goricko.org\/sl\/informacije.asp?id_informacija=4286<\/p>\n","protected":false},"excerpt":{"rendered":"<p>Pozdravljeni ljubitelji rekreativnega kolesarjenja!<\/p>\n<p>Krajinski park Gori\u010dko tudi letos organizira \u017ee 6. tride\u017eelni kolesarski maraton Gori\u010dko-Raab-\u0150rs\u00e9g, ki bo potekal, 10. septembra 2011 pri gradu Grad na Gori\u010dkem.<\/p>\n","protected":false},"author":1,"featured_media":0,"comment_status":"open","ping_status":"open","sticky":false,"template":"","format":"standard","meta":{"ngg_post_thumbnail":0},"categories":[8],"tags":[],"_links":{"self":[{"href":"http:\/\/www.si-hu.eu\/si2\/wp-json\/wp\/v2\/posts\/2701"}],"collection":[{"href":"http:\/\/www.si-hu.eu\/si2\/wp-json\/wp\/v2\/posts"}],"about":[{"href":"http:\/\/www.si-hu.eu\/si2\/wp-json\/wp\/v2\/types\/post"}],"author":[{"embeddable":true,"href":"http:\/\/www.si-hu.eu\/si2\/wp-json\/wp\/v2\/users\/1"}],"replies":[{"embeddable":true,"href":"http:\/\/www.si-hu.eu\/si2\/wp-json\/wp\/v2\/comments?post=2701"}],"version-history":[{"count":0,"href":"http:\/\/www.si-hu.eu\/si2\/wp-json\/wp\/v2\/posts\/2701\/revisions"}],"wp:attachment":[{"href":"http:\/\/www.si-hu.eu\/si2\/wp-json\/wp\/v2\/media?parent=2701"}],"wp:term":[{"taxonomy":"category","embeddable":true,"href":"http:\/\/www.si-hu.eu\/si2\/wp-json\/wp\/v2\/categories?post=2701"},{"taxonomy":"post_tag","embeddable":true,"href":"http:\/\/www.si-hu.eu\/si2\/wp-json\/wp\/v2\/tags?post=2701"}],"curies":[{"name":"wp","href":"https:\/\/api.w.org\/{rel}","templated":true}]}}