{"id":2707,"date":"2012-03-09T09:50:00","date_gmt":"2012-03-09T08:50:00","guid":{"rendered":"http:\/\/www.si-hu.eu\/si2\/si-hublog\/obvestilo-o-ukinitvi-svlr\/"},"modified":"2012-03-09T09:50:00","modified_gmt":"2012-03-09T08:50:00","slug":"obvestilo-o-ukinitvi-svlr","status":"publish","type":"post","link":"http:\/\/www.si-hu.eu\/si2\/blog\/obvestilo-o-ukinitvi-svlr\/","title":{"rendered":"Obvestilo o ukinitvi SVLR"},"content":{"rendered":"<p>Obve\u0161\u010damo vas, da se je v skladu z dolo\u010dili Zakona o Vladi Republike Slovenije (ZVRS-F) Slu\u017eba Vlade Republike Slovenije za lokalno samoupravo in regionalno politiko (SVLR) ukinila. Delovno podro\u010dje evropske kohezijske politike in regionalnega razvoja je prevzelo Ministrstvo za gospodarski razvoj in tehnologijo (http:\/\/www.mgrt.gov.si).<\/p>\n","protected":false},"excerpt":{"rendered":"<p>Obve\u0161\u010damo vas, da se je v skladu z dolo\u010dili Zakona o Vladi Republike Slovenije (ZVRS-F) Slu\u017eba Vlade Republike Slovenije za lokalno samoupravo in regionalno politiko (SVLR) ukinila.<\/p>\n","protected":false},"author":1,"featured_media":0,"comment_status":"open","ping_status":"open","sticky":false,"template":"","format":"standard","meta":{"ngg_post_thumbnail":0},"categories":[8],"tags":[],"_links":{"self":[{"href":"http:\/\/www.si-hu.eu\/si2\/wp-json\/wp\/v2\/posts\/2707"}],"collection":[{"href":"http:\/\/www.si-hu.eu\/si2\/wp-json\/wp\/v2\/posts"}],"about":[{"href":"http:\/\/www.si-hu.eu\/si2\/wp-json\/wp\/v2\/types\/post"}],"author":[{"embeddable":true,"href":"http:\/\/www.si-hu.eu\/si2\/wp-json\/wp\/v2\/users\/1"}],"replies":[{"embeddable":true,"href":"http:\/\/www.si-hu.eu\/si2\/wp-json\/wp\/v2\/comments?post=2707"}],"version-history":[{"count":0,"href":"http:\/\/www.si-hu.eu\/si2\/wp-json\/wp\/v2\/posts\/2707\/revisions"}],"wp:attachment":[{"href":"http:\/\/www.si-hu.eu\/si2\/wp-json\/wp\/v2\/media?parent=2707"}],"wp:term":[{"taxonomy":"category","embeddable":true,"href":"http:\/\/www.si-hu.eu\/si2\/wp-json\/wp\/v2\/categories?post=2707"},{"taxonomy":"post_tag","embeddable":true,"href":"http:\/\/www.si-hu.eu\/si2\/wp-json\/wp\/v2\/tags?post=2707"}],"curies":[{"name":"wp","href":"https:\/\/api.w.org\/{rel}","templated":true}]}}