{"id":2713,"date":"2012-05-22T10:18:00","date_gmt":"2012-05-22T09:18:00","guid":{"rendered":"http:\/\/www.si-hu.eu\/si2\/si-hublog\/vabilo-na-g-rajski-festival-v-okviru-operacije-sosed-k-sosedu\/"},"modified":"2012-05-22T10:18:00","modified_gmt":"2012-05-22T09:18:00","slug":"vabilo-na-g-rajski-festival-v-okviru-operacije-sosed-k-sosedu","status":"publish","type":"post","link":"http:\/\/www.si-hu.eu\/si2\/blog\/vabilo-na-g-rajski-festival-v-okviru-operacije-sosed-k-sosedu\/","title":{"rendered":"Vabilo na G-rajski festival v okviru operacije Sosed k sosedu"},"content":{"rendered":"<p>Vabimo vas na G-rajski festival \/ G-FEST, Mednarodni festival naravoslovnega filma in osve\u0161\u010danja o trajnostnem razvoju, <b>ki bo potekal od 24. do 26. maja 2012, na gradu Grad, na Gori\u010dkem.<\/b> Festival bo organiziran v okviru operacije Porabje in Gori\u010dko \u2013 povezana v kulturi, akronim operacije:  Sosed k sosedu.   G-FEST je kulturna vez med Porabjem in Gori\u010dkim, med filmom in naravo, med \u010dlovekom, krajino ter so\u010dlovekom. Namenjen je naravoslovnim filmom v vsej njihovi tematski pestrosti in tehni\u010dni izraznosti. Filmski program bodo spremljale \u0161tevilne spremljevalne prireditve. Celoten program bo povezovala rde\u010da nit osve\u0161\u010danja o trajnostnem razvoju.  Podrobnosti o dogodku si lahko ogledate v programski knji\u017eici na spletni strani : http:\/\/gfest.park-goricko.org\/<\/p>\n","protected":false},"excerpt":{"rendered":"<p>Vabimo vas na G-rajski festival \/ G-FEST, Mednarodni festival naravoslovnega filma in osve\u0161\u010danja o trajnostnem razvoju, <b>ki bo potekal od 24. do 26. maja 2012, na gradu Grad, na Gori\u010dkem. <\/b>Festival bo organiziran v okviru operacije Porabje in Gori\u010dko \u2013 povezana v kulturi, akronim operacije: Sosed k sosedu.<\/p>\n","protected":false},"author":1,"featured_media":0,"comment_status":"open","ping_status":"open","sticky":false,"template":"","format":"standard","meta":{"ngg_post_thumbnail":0},"categories":[8],"tags":[],"_links":{"self":[{"href":"http:\/\/www.si-hu.eu\/si2\/wp-json\/wp\/v2\/posts\/2713"}],"collection":[{"href":"http:\/\/www.si-hu.eu\/si2\/wp-json\/wp\/v2\/posts"}],"about":[{"href":"http:\/\/www.si-hu.eu\/si2\/wp-json\/wp\/v2\/types\/post"}],"author":[{"embeddable":true,"href":"http:\/\/www.si-hu.eu\/si2\/wp-json\/wp\/v2\/users\/1"}],"replies":[{"embeddable":true,"href":"http:\/\/www.si-hu.eu\/si2\/wp-json\/wp\/v2\/comments?post=2713"}],"version-history":[{"count":0,"href":"http:\/\/www.si-hu.eu\/si2\/wp-json\/wp\/v2\/posts\/2713\/revisions"}],"wp:attachment":[{"href":"http:\/\/www.si-hu.eu\/si2\/wp-json\/wp\/v2\/media?parent=2713"}],"wp:term":[{"taxonomy":"category","embeddable":true,"href":"http:\/\/www.si-hu.eu\/si2\/wp-json\/wp\/v2\/categories?post=2713"},{"taxonomy":"post_tag","embeddable":true,"href":"http:\/\/www.si-hu.eu\/si2\/wp-json\/wp\/v2\/tags?post=2713"}],"curies":[{"name":"wp","href":"https:\/\/api.w.org\/{rel}","templated":true}]}}