{"id":2716,"date":"2012-09-12T09:13:00","date_gmt":"2012-09-12T08:13:00","guid":{"rendered":"http:\/\/www.si-hu.eu\/si2\/si-hublog\/dan-evropskega-sodelovanja-21-september-2012\/"},"modified":"2012-09-12T09:13:00","modified_gmt":"2012-09-12T08:13:00","slug":"dan-evropskega-sodelovanja-21-september-2012","status":"publish","type":"post","link":"http:\/\/www.si-hu.eu\/si2\/blog\/dan-evropskega-sodelovanja-21-september-2012\/","title":{"rendered":"Dan evropskega sodelovanja &#8211; 21. september 2012"},"content":{"rendered":"<p><b>Dne 21. septembra 2012<\/b> bo pod okriljem Evropske komisije in programom INTERACT \u0161irom Evrope, za vse programe evropskega \u010dezmejnega sodelovanja, organiziran <b>Dan evropskega sodelovanja<\/b>, t. i. European Cooperation Day (EC Day), pod sloganom <b>\u00bbSkupne meje nas zbli\u017eujejo\u00ab. <\/b>Dogodek se bo odvijal na ve\u010d ravneh; evropski, \u010dezmejni in lokalni.   Ministrstvo za gospodarski razvoj in tehnologijo (MGRT) kot Organ upravljanja v treh programih \u010dezmejnega sodelovanja: OP Slovenija &#8211; Avstrija 2007-2013, OP Slovenija &#8211; Mad\u017earska 2007-2013 ter OP IPA Slovenija &#8211; Hrva\u0161ka 2007-2013, bo <b>v Mariboru, na trgu Leona \u0160tuklja, na ta dan organiziralo krovni dogodek  t.i. \u00bbProjektno tr\u017enico\u00ab.<\/b> V okviru dogodka  bodo predstavljeni vsi trije programi  in posamezni projekti, ki se znotraj le-teh izvajajo.  Prav tako se bodo <b>v \u010dasu od 17. do 22. septembra <\/b>2012 na obmo\u010dju vseh treh programov izvajali razli\u010dni lokalni dogodki, dnevi odprtih vrat, delavnice, itd. Ve\u010d informacij o posameznih lokalnih dogodkih v slovenskem jeziku objavljamo tukaj. Dogodki so v razli\u010dnih jezikih objavljeni na spletnem zemljevidu na slede\u010di povezavi: www.ecday.eu.   <b>Vljudno vabljeni!<\/b>  <a class=\"link_extern2\" href=\"http:\/\/www.youtube.com\/watch?feature=player_embedded\n\n<p><a href=\"http:\/\/www.si-hu.eu\/si2\/si-huwp-content\/uploads\/2015\/08\/Vabilo_Dan evropskega sodelovanja_ 2012.pdf\">Vabilo &#8211; Dan evropskega sodelovanja 2012<\/a><br \/><a href=\"http:\/\/www.si-hu.eu\/si2\/si-huwp-content\/uploads\/2015\/08\/Seznam lokalnih dogodkov_DES 2012_1.pdf\">Seznam lokalnih dogodkov &#8211; DES 2012<\/a><br \/><a href=\"http:\/\/www.si-hu.eu\/si2\/si-huwp-content\/uploads\/2015\/08\/Flyer_1.pdf\">Letak  &#8211; Dan evropskega sodelovanja 2012 (v angle\u0161kem jeziku)<\/a><\/p>\n","protected":false},"excerpt":{"rendered":"<p><b>Dne 21. septembra 2012<\/b> bo pod okriljem Evropske komisije in programom INTERACT \u0161irom Evrope, za vse programe evropskega \u010dezmejnega sodelovanja, organiziran <b>Dan evropskega sodelovanja<\/b>, t. i. European Cooperation Day (EC Day), pod sloganom \u00bbSkupne meje nas zbli\u017eujejo\u00ab. Dogodek se bo odvijal na ve\u010d ravneh; evropski, \u010dezmejni in lokalni.<\/p>\n","protected":false},"author":1,"featured_media":0,"comment_status":"open","ping_status":"open","sticky":false,"template":"","format":"standard","meta":{"ngg_post_thumbnail":0},"categories":[8],"tags":[],"_links":{"self":[{"href":"http:\/\/www.si-hu.eu\/si2\/wp-json\/wp\/v2\/posts\/2716"}],"collection":[{"href":"http:\/\/www.si-hu.eu\/si2\/wp-json\/wp\/v2\/posts"}],"about":[{"href":"http:\/\/www.si-hu.eu\/si2\/wp-json\/wp\/v2\/types\/post"}],"author":[{"embeddable":true,"href":"http:\/\/www.si-hu.eu\/si2\/wp-json\/wp\/v2\/users\/1"}],"replies":[{"embeddable":true,"href":"http:\/\/www.si-hu.eu\/si2\/wp-json\/wp\/v2\/comments?post=2716"}],"version-history":[{"count":0,"href":"http:\/\/www.si-hu.eu\/si2\/wp-json\/wp\/v2\/posts\/2716\/revisions"}],"wp:attachment":[{"href":"http:\/\/www.si-hu.eu\/si2\/wp-json\/wp\/v2\/media?parent=2716"}],"wp:term":[{"taxonomy":"category","embeddable":true,"href":"http:\/\/www.si-hu.eu\/si2\/wp-json\/wp\/v2\/categories?post=2716"},{"taxonomy":"post_tag","embeddable":true,"href":"http:\/\/www.si-hu.eu\/si2\/wp-json\/wp\/v2\/tags?post=2716"}],"curies":[{"name":"wp","href":"https:\/\/api.w.org\/{rel}","templated":true}]}}