{"id":2718,"date":"2012-10-01T09:50:00","date_gmt":"2012-10-01T08:50:00","guid":{"rendered":"http:\/\/www.si-hu.eu\/si2\/si-hublog\/nagrada-sail-of-papenburg\/"},"modified":"2012-10-01T09:50:00","modified_gmt":"2012-10-01T08:50:00","slug":"nagrada-sail-of-papenburg","status":"publish","type":"post","link":"http:\/\/www.si-hu.eu\/si2\/blog\/nagrada-sail-of-papenburg\/","title":{"rendered":"Nagrada \u201cSail of Papenburg\u201d"},"content":{"rendered":"<p>Zdru\u017eenje evropskih obmejnih regij (Association of European Border Regions &#8211; AEBG) bo tudi letos podelilo nagrado &#8220;Sail of Papenburg&#8221;, ki jo je leta 2002 donirala \u010dezmejna organizacija Ems Dollart Region.   <b>Tema leto\u0161nje nagrade je: \u010cezmejna mobilnost na trgu dela &#8211; izku\u0161nje, problemi, izzivi.<\/b>  Nagrajen bo eden ali ve\u010d izjemnih ukrepov v obmejnem ali \u010dezmejnem obmo\u010dju. <b>Slavnostna podelitev bo potekala v okviru letne konference AEBG, ki bo od 8. do 9. novembra 2012 v Berlinu. <\/b>Prijavni obrazec in kriteriji za podelitev nagrade (v angle\u0161kem jeziku) so prilo\u017eeni (glej spodaj). Vljudno vas prosimo za oddajo vlog v angle\u0161kem jeziku <b>najpozneje do 12. oktobra 2012. <\/b>Dodatne informacije (v angle\u0161\u010dini, franco\u0161\u010dini in nem\u0161\u010dini) so vam na voljo na spletni strani:  <a class=\"link_extern2\" href=\"http:\/\/www.aebr.eu\/en\/news\/news_detail.php?news_id=100\" title=\"AEBR\" target=\"_blank\">AEBR<\/a><\/p>\n<p><a href=\"http:\/\/www.si-hu.eu\/si2\/si-huwp-content\/uploads\/2015\/08\/2012 CBA application form EN_2_1.doc\">Prijavni obrazec<\/a><br \/><a href=\"http:\/\/www.si-hu.eu\/si2\/si-huwp-content\/uploads\/2015\/08\/Criteria for bestowing the award_1.pdf\">Kriterij za podelitev nagrade<\/a><\/p>\n","protected":false},"excerpt":{"rendered":"<p>Zdru\u017eenje evropskih obmejnih regij (Association of European Border Regions &#8211; AEBG) bo tudi letos podelilo nagrado &#8220;Sail of Papenburg&#8221;, ki jo je leta 2002 donirala \u010dezmejna organizacija Ems Dollart Region. <\/p>\n<p><b>Tema leto\u0161nje nagrade je: \u010cezmejna mobilnost na trgu dela &#8211; izku\u0161nje, problemi, izzivi.<\/b><\/p>\n","protected":false},"author":1,"featured_media":0,"comment_status":"open","ping_status":"open","sticky":false,"template":"","format":"standard","meta":{"ngg_post_thumbnail":0},"categories":[8],"tags":[],"_links":{"self":[{"href":"http:\/\/www.si-hu.eu\/si2\/wp-json\/wp\/v2\/posts\/2718"}],"collection":[{"href":"http:\/\/www.si-hu.eu\/si2\/wp-json\/wp\/v2\/posts"}],"about":[{"href":"http:\/\/www.si-hu.eu\/si2\/wp-json\/wp\/v2\/types\/post"}],"author":[{"embeddable":true,"href":"http:\/\/www.si-hu.eu\/si2\/wp-json\/wp\/v2\/users\/1"}],"replies":[{"embeddable":true,"href":"http:\/\/www.si-hu.eu\/si2\/wp-json\/wp\/v2\/comments?post=2718"}],"version-history":[{"count":0,"href":"http:\/\/www.si-hu.eu\/si2\/wp-json\/wp\/v2\/posts\/2718\/revisions"}],"wp:attachment":[{"href":"http:\/\/www.si-hu.eu\/si2\/wp-json\/wp\/v2\/media?parent=2718"}],"wp:term":[{"taxonomy":"category","embeddable":true,"href":"http:\/\/www.si-hu.eu\/si2\/wp-json\/wp\/v2\/categories?post=2718"},{"taxonomy":"post_tag","embeddable":true,"href":"http:\/\/www.si-hu.eu\/si2\/wp-json\/wp\/v2\/tags?post=2718"}],"curies":[{"name":"wp","href":"https:\/\/api.w.org\/{rel}","templated":true}]}}