{"id":2722,"date":"2013-09-03T10:01:00","date_gmt":"2013-09-03T09:01:00","guid":{"rendered":"http:\/\/www.si-hu.eu\/si2\/si-hublog\/vabilo-na-ogled-projektov-v-okviru-dneva-evropskega-sodelovanja-2013\/"},"modified":"2013-09-03T10:01:00","modified_gmt":"2013-09-03T09:01:00","slug":"vabilo-na-ogled-projektov-v-okviru-dneva-evropskega-sodelovanja-2013","status":"publish","type":"post","link":"http:\/\/www.si-hu.eu\/si2\/blog\/vabilo-na-ogled-projektov-v-okviru-dneva-evropskega-sodelovanja-2013\/","title":{"rendered":"Vabilo na ogled projektov v okviru Dneva evropskega sodelovanja 2013"},"content":{"rendered":"<p>Ministrstvo za gospodarski razvoj in tehnologijo (MGRT) v vlogi Organa upravljanja treh programov \u010dezmejnega sodelovanja (OP SI-AT 2007-2013, OP SI-HU 2007-2013 in OP IPA SI-HR 2007-2013), bo <b>19. septembra 2013<\/b> v okviru Dneva Evropskega sodelovanja 2013 organiziralo skupno prireditev za promocijo programov ter projektov, ki se v njihovem okviru izvajajo.  Namen dogodka je predstavitev projektov in njihovih rezultatov na kraju samem. Skupaj s programskimi partnerji ter ostalimi sodelujo\u010dimi pri izvedbi programa\/projektov in drugo zainteresirano javnostjo se bomo z avtobusi podali na pot po posameznih programskih obmo\u010djih, kjer si bomo ogledali nekatere izmed izvajajo\u010dih se oz. izvedenih projektov (glej program dogodka).  Sve\u010dana otvoritev dogodka s pozdravnimi govori bo v Hotelu Arena v Mariboru, sledil bo ogled projektov po posameznih programskih obmo\u010djih. Po zaklju\u010dku ogledov se z avtobusi ponovno vrnemo v Maribor.  <b>VABLJENI 19. septembra 2013 ob 9. uri v Hotel Arena, Pot k mlinu 57, SI-2000 Maribor<\/b> . <a class=\"link_extern2\" href=\"http:\/\/www.youtube.com\/watch?v=wAaS-pvE3dI\" title=\"Dan evropskega sodelovanja 2013 (promocijski video)\" target=\"_blank\">Dan evropskega sodelovanja 2013 (promocijski video)<\/a> .<\/p>\n<p><a href=\"http:\/\/www.si-hu.eu\/si2\/si-huwp-content\/uploads\/2015\/08\/Vabilo s programom_Dan evropskega sodelovanja 2013.pdf\">Vabilo s programom_Dan evropskega sodelovanja 2013<\/a><\/p>\n","protected":false},"excerpt":{"rendered":"<p>Ministrstvo za gospodarski razvoj in tehnologijo (MGRT) v vlogi Organa upravljanja treh programov \u010dezmejnega sodelovanja (OP SI-AT 2007-2013, OP SI-HU 2007-2013 in OP IPA SI-HR 2007-2013), bo <b>19. septembra 2013<\/b> v okviru Dneva Evropskega sodelovanja 2013 organiziralo skupno prireditev za promocijo programov ter projektov, ki se v njihovem okviru izvajajo.<\/p>\n","protected":false},"author":1,"featured_media":0,"comment_status":"open","ping_status":"open","sticky":false,"template":"","format":"standard","meta":{"ngg_post_thumbnail":0},"categories":[8],"tags":[],"_links":{"self":[{"href":"http:\/\/www.si-hu.eu\/si2\/wp-json\/wp\/v2\/posts\/2722"}],"collection":[{"href":"http:\/\/www.si-hu.eu\/si2\/wp-json\/wp\/v2\/posts"}],"about":[{"href":"http:\/\/www.si-hu.eu\/si2\/wp-json\/wp\/v2\/types\/post"}],"author":[{"embeddable":true,"href":"http:\/\/www.si-hu.eu\/si2\/wp-json\/wp\/v2\/users\/1"}],"replies":[{"embeddable":true,"href":"http:\/\/www.si-hu.eu\/si2\/wp-json\/wp\/v2\/comments?post=2722"}],"version-history":[{"count":0,"href":"http:\/\/www.si-hu.eu\/si2\/wp-json\/wp\/v2\/posts\/2722\/revisions"}],"wp:attachment":[{"href":"http:\/\/www.si-hu.eu\/si2\/wp-json\/wp\/v2\/media?parent=2722"}],"wp:term":[{"taxonomy":"category","embeddable":true,"href":"http:\/\/www.si-hu.eu\/si2\/wp-json\/wp\/v2\/categories?post=2722"},{"taxonomy":"post_tag","embeddable":true,"href":"http:\/\/www.si-hu.eu\/si2\/wp-json\/wp\/v2\/tags?post=2722"}],"curies":[{"name":"wp","href":"https:\/\/api.w.org\/{rel}","templated":true}]}}