{"id":2723,"date":"2013-09-25T09:32:00","date_gmt":"2013-09-25T08:32:00","guid":{"rendered":"http:\/\/www.si-hu.eu\/si2\/si-hublog\/ob-dnevu-evropskega-sodelovanja-2013-so-bili-organizirani-ogledi-projektov\/"},"modified":"2013-09-25T09:32:00","modified_gmt":"2013-09-25T08:32:00","slug":"ob-dnevu-evropskega-sodelovanja-2013-so-bili-organizirani-ogledi-projektov","status":"publish","type":"post","link":"http:\/\/www.si-hu.eu\/si2\/blog\/ob-dnevu-evropskega-sodelovanja-2013-so-bili-organizirani-ogledi-projektov\/","title":{"rendered":"Ob Dnevu evropskega sodelovanja 2013 so bili organizirani ogledi projektov"},"content":{"rendered":"<p>Pod pokroviteljstvom Evropske komisije in programa INTERACT so po Evropi potekale prireditve ob Dnevu evropskega sodelovanja. V okviru dogodkov, ki jih je povezoval slogan Skupne meje nas zbli\u017eujejo, so se predstavili programi \u010dezmejnega sodelovanja. V Sloveniji je Ministrstvo za gospodarski razvoj in tehnologijo (MGRT), ki je Organ upravljanja za programe \u010dezmejnega sodelovanja z Avstrijo, Mad\u017earsko in Hrva\u0161ko za programsko obdobje 2007-2013, v Hotelu Arena, v Mariboru organiziralo skupni otvoritveni dogodek, na katerem so se predstavili trije programi \u010dezmejnega sodelovanja. Udele\u017eence je kot slavnostni govornik pozdravil generalni direktor Direktorata za regionalni razvoj in evropsko teritorialno sodelovanje, g. Marko Drofenik.   V okviru Operativnega programa Slovenija-Mad\u017earska 2007-2013, ki ga je ob otvoritveni slovesnosti v Mariboru predstavil vodja programa g. Ale\u0161 Mrkela, se je skupina udele\u017eencev z avtobusom podala v \u0161tiri razli\u010dne kraje na ogled projektov, ki se izvajajo na programskem obmo\u010dju dr\u017eav Slovenije in Mad\u017earske.  Prvi ogled je bil izveden v Martjancih, kjer so si udele\u017eenci ogledali Demonstracijski in u\u010dni center za biogradnjo in biobivanje, prisluhnili predstavitvi projekta <b>Biofuture<\/b> ter se okrep\u010dali.  Sledil je ogled hi\u0161e Janeza K\u00fcharja s Slovensko zbirko v okviru projekta <b>Sosed k sosedu<\/b> v Gornjem Seniku, s pozdravnim govorom generalnega konzula Republike Slovenije, g. Du\u0161ana Snoja ter g. Martina Ropo\u0161a, predsednika Dr\u017eavne slovenske samouprave. V nadaljevanju je sledil ogled Kulturnega doma \u2013 Ob\u010dina Gornji Senik v okviru istega projekta ter pozdravni govor \u017eupana Ob\u010dine Gornji Senik, g. Gaborja Ropo\u0161a.   Nadaljevali so z ogledom projekta <b>Mura-Raba TV<\/b>, v okviru katerega je bil polo\u017een opti\u010dni kabel za prenos oddaj in interneta ter prav tako prisluhnili vsebini projekta. Ob koncu obiska na Gornjem Seniku so si ogledali \u0161e Hi\u0161o porabskih jabolk z u\u010dno predelovalnico sadja, ki je bila vzpostavljena v okviru projekta <b>Upka\u010d<\/b>. Gostitelji so skupini udele\u017eencev  pripravili okusno pogostitev z doma\u010dimi dobrotami.  Popoldan so udele\u017eenci nadaljevali pot v \u0150riszentp\u00e9ter, kjer so si na sede\u017eu uprave Nacionalnega parka \u0150rs\u00e9g ogledali fotografsko razstavo metuljev ter publikacij v okviru projekta <b>Krajina v Harmoniji<\/b>. Temu je sledil ogled sadovnjaka Cs\u00f6rg\u0151alma ter Vzor\u010dno-degustacijske hi\u0161e, ki sta bila vzpostavljena v okviru projekta <b>Upka\u010d<\/b>. Udele\u017eenci so imeli mo\u017enost degustacije razli\u010dnih vrst sve\u017eih ter su\u0161enih jabolk, kakor tudi sve\u017eih sokov.  Ob koncu dneva so se udele\u017eenci ogledov ponovno vrnili v Slovenijo, kjer so si v Lendavi ogledali Vinsko turisti\u010dni center, ki je bil vzpostavljen v okviru projekta <b>J\u00f3 borszomsz\u00e9ds\u00e1g<\/b>. Udele\u017eence je pozdravil pod\u017eupan Ob\u010dine Lendava, g. Janez Somi, temu je sledila predstavitev projekta ter degustacija vin ob spoznavanju okusnih prekmurskih dobrot.   Glede na dejstvo, da je \u0161tevilo sofinanciranih projektov iz programa \u010dezmejnega sodelovanja med Slovenijo in Mad\u017earsko preveliko, da bi si udele\u017eenci lahko vse rezultate ogledali v teku enega dne, smo se organizatorji odlo\u010dili, da se tokrat javnosti pobli\u017ee predstavi le nekaj projektov v vsaki, v program vklju\u010deni dr\u017eavi. Dogodek, s katerim se predstavljajo rezultati projektov in se je v lanskem letu izvedel v obliki projektne tr\u017enice, je predviden tudi v naslednjem letu, tako da bo prilo\u017enosti za spoznavanje rezultatov posameznih projektov \u0161e ve\u010d. . <a class=\"link_extern2\" href=\"http:\/\/www.si-hu.eu\/si2\/image_gallery_sl\/visits_of_projects_in_frame_of_the_european_cooperation_day_2013\" title=\"Galerija slik\" target=\"_blank\">Galerija slik<\/a><\/p>\n","protected":false},"excerpt":{"rendered":"<p>Pod pokroviteljstvom Evropske komisije in programa INTERACT so po Evropi potekale prireditve ob Dnevu evropskega sodelovanja. V okviru dogodkov, ki jih je povezoval slogan Skupne meje nas zbli\u017eujejo, so se predstavili programi \u010dezmejnega sodelovanja. V Sloveniji je Ministrstvo za gospodarski razvoj in tehnologijo (MGRT), ki je Organ upravljanja za programe \u010dezmejnega sodelovanja z Avstrijo, Mad\u017earsko in Hrva\u0161ko za programsko obdobje 2007-2013, v Hotelu Arena, v Mariboru organiziralo skupni otvoritveni dogodek, na katerem so se predstavili trije programi \u010dezmejnega sodelovanja. Udele\u017eence je kot slavnostni govornik pozdravil generalni direktor Direktorata za regionalni razvoj in evropsko teritorialno sodelovanje, g. Marko Drofenik.<\/p>\n","protected":false},"author":1,"featured_media":0,"comment_status":"open","ping_status":"open","sticky":false,"template":"","format":"standard","meta":{"ngg_post_thumbnail":0},"categories":[8],"tags":[],"_links":{"self":[{"href":"http:\/\/www.si-hu.eu\/si2\/wp-json\/wp\/v2\/posts\/2723"}],"collection":[{"href":"http:\/\/www.si-hu.eu\/si2\/wp-json\/wp\/v2\/posts"}],"about":[{"href":"http:\/\/www.si-hu.eu\/si2\/wp-json\/wp\/v2\/types\/post"}],"author":[{"embeddable":true,"href":"http:\/\/www.si-hu.eu\/si2\/wp-json\/wp\/v2\/users\/1"}],"replies":[{"embeddable":true,"href":"http:\/\/www.si-hu.eu\/si2\/wp-json\/wp\/v2\/comments?post=2723"}],"version-history":[{"count":0,"href":"http:\/\/www.si-hu.eu\/si2\/wp-json\/wp\/v2\/posts\/2723\/revisions"}],"wp:attachment":[{"href":"http:\/\/www.si-hu.eu\/si2\/wp-json\/wp\/v2\/media?parent=2723"}],"wp:term":[{"taxonomy":"category","embeddable":true,"href":"http:\/\/www.si-hu.eu\/si2\/wp-json\/wp\/v2\/categories?post=2723"},{"taxonomy":"post_tag","embeddable":true,"href":"http:\/\/www.si-hu.eu\/si2\/wp-json\/wp\/v2\/tags?post=2723"}],"curies":[{"name":"wp","href":"https:\/\/api.w.org\/{rel}","templated":true}]}}