{"id":2727,"date":"2014-05-29T11:52:00","date_gmt":"2014-05-29T10:52:00","guid":{"rendered":"http:\/\/www.si-hu.eu\/si2\/si-hublog\/interact-objavil-video-natecaj\/"},"modified":"2014-05-29T11:52:00","modified_gmt":"2014-05-29T10:52:00","slug":"interact-objavil-video-natecaj","status":"publish","type":"post","link":"http:\/\/www.si-hu.eu\/si2\/blog\/interact-objavil-video-natecaj\/","title":{"rendered":"INTERACT objavil video nate\u010daj"},"content":{"rendered":"<p>Od leta 2012, program INTERACT usklajuje vseevropsko iniciativo pod imenom Dan evropskega sodelovanja, s ciljem poudariti rezultate evropskega teritorialnega sodelovanja in sosednjih programov ter projektov. Vsako leto poteka kampanja 21. septembra ter v dneh pred in po tem datumu. Ciljna skupina te pobude je \u0161ir\u0161a javnost. Ve\u010d informacij lahko najdete na spletni strani kampanje <a class=\"link_extern2\" href=\"http:\/\/www.ecday.eu\/\" title=\"EC DAY\" target=\"_blank\">EC DAY<\/a>.  Dan evropskega sodelovanja bomo ponovno praznovali 21. septembra 2014. Ob tej prilo\u017enosti je <b>INTERACT objavil video nate\u010daj <\/b>za evropske projekte, programe in posamezne filmske ustvarjalce, da bi delili videoposnetke s poudarkom na dose\u017ekih in prednostih sodelovanja v Evropi. Tema video nate\u010daja je <b>&#8220;mejna vpra\u0161anja, mejne re\u0161itve&#8221;<\/b>. Video se mora nana\u0161ati na program ali projekte, financirane v programskem obdobju 2007-2013 in ne sme presegati maksimalne dol\u017eine 3 minut. Lahko gre za profesionalne ali amaterske prispevke, ki jih je treba oddati <b>do 15. julija 2014<\/b>.   Za ve\u010d informacij o izbirnem postopku, merilih za ocenjevanje, tehni\u010dnih specifikacijah in pogojih preberite <b>INTERACT-ova uradna nate\u010dajna pravila.<\/b><\/p>\n<p><a href=\"http:\/\/www.si-hu.eu\/si2\/si-huwp-content\/uploads\/2015\/08\/INTERACT Official Contest Rules_1.pdf\">Uradna nate\u010dajna pravila INTERACT<\/a><\/p>\n","protected":false},"excerpt":{"rendered":"<p>Od leta 2012, program INTERACT usklajuje vseevropsko iniciativo pod imenom Dan evropskega sodelovanja, s ciljem poudariti rezultate evropskega teritorialnega sodelovanja in sosednjih programov ter projektov. Vsako leto poteka kampanja 21. septembra ter v dneh pred in po tem datumu. Ciljna skupina te pobude je \u0161ir\u0161a javnost. Ve\u010d informacij lahko najdete na spletni strani kampanje <a class=\"link_extern2\" href=\"http:\/\/www.ecday.eu\/\" title=\"EC DAY\" target=\"_blank\">EC DAY<\/a>.<\/p>\n","protected":false},"author":1,"featured_media":0,"comment_status":"open","ping_status":"open","sticky":false,"template":"","format":"standard","meta":{"ngg_post_thumbnail":0},"categories":[8],"tags":[],"_links":{"self":[{"href":"http:\/\/www.si-hu.eu\/si2\/wp-json\/wp\/v2\/posts\/2727"}],"collection":[{"href":"http:\/\/www.si-hu.eu\/si2\/wp-json\/wp\/v2\/posts"}],"about":[{"href":"http:\/\/www.si-hu.eu\/si2\/wp-json\/wp\/v2\/types\/post"}],"author":[{"embeddable":true,"href":"http:\/\/www.si-hu.eu\/si2\/wp-json\/wp\/v2\/users\/1"}],"replies":[{"embeddable":true,"href":"http:\/\/www.si-hu.eu\/si2\/wp-json\/wp\/v2\/comments?post=2727"}],"version-history":[{"count":0,"href":"http:\/\/www.si-hu.eu\/si2\/wp-json\/wp\/v2\/posts\/2727\/revisions"}],"wp:attachment":[{"href":"http:\/\/www.si-hu.eu\/si2\/wp-json\/wp\/v2\/media?parent=2727"}],"wp:term":[{"taxonomy":"category","embeddable":true,"href":"http:\/\/www.si-hu.eu\/si2\/wp-json\/wp\/v2\/categories?post=2727"},{"taxonomy":"post_tag","embeddable":true,"href":"http:\/\/www.si-hu.eu\/si2\/wp-json\/wp\/v2\/tags?post=2727"}],"curies":[{"name":"wp","href":"https:\/\/api.w.org\/{rel}","templated":true}]}}