{"id":2730,"date":"2014-08-01T11:43:00","date_gmt":"2014-08-01T10:43:00","guid":{"rendered":"http:\/\/www.si-hu.eu\/si2\/si-hublog\/sodelujte-pri-pripravi-nove-financne-perspektive-slovenija-madzarska-2014-2020\/"},"modified":"2014-08-01T11:43:00","modified_gmt":"2014-08-01T10:43:00","slug":"sodelujte-pri-pripravi-nove-financne-perspektive-slovenija-madzarska-2014-2020","status":"publish","type":"post","link":"http:\/\/www.si-hu.eu\/si2\/blog\/sodelujte-pri-pripravi-nove-financne-perspektive-slovenija-madzarska-2014-2020\/","title":{"rendered":"Sodelujte pri pripravi nove finan\u010dne perspektive Slovenija-Mad\u017earska 2014-2020"},"content":{"rendered":"<p>Izdelava Operativnega programa Slovenija-Mad\u017earska za obdobje 2014-2020 se je za\u010dela. Z namenom naju\u010dinkovitej\u0161e priprave in slu\u017eiti najbolj\u0161im interesom \u010dezmejne regije Slovenija-Mad\u017earska, vas \u017eelimo vklju\u010diti v izdelavo operativnega programa.  Vljudno vas prosimo, da izpolnite anketni vpra\u0161alnik, z namenom:   1. zbiranja komentarjev, pogledov glede programskega obdobja 2007-2013 (\u010de niste sodelovali, boste napoteni na relevantna vpra\u0161anja)  2. prepoznavanja te\u017eav in razvojnih potreb,ki jih smatrate kot pomembne za obravnavo v obdobju 2014-2020 (skupne Slovensko-Mad\u017earske \u010dezmejne te\u017eave)  3. prepoznati in izbrati prioritete, na\u010drtovati mo\u017ene dejavnosti, ki naj bi bile podprte, projektne ideje, partnerje za vklju\u010ditev.   Vpra\u0161alnik lahko najdete na slede\u010di spletni povezavi: https:\/\/www.surveymonkey.com\/s\/DL3PXYY    Vra\u0161alnik bo na voljo za izpolnjevanje do 14. avgusta 2014.   Va\u0161 odgovor je zelo cenjen in pomaga na\u0161emu delu pri izgradnji sodelovanja in razvoja v \u010dezmejni regiji Slovenija-Mad\u017earska.   Zahvaljujemo se vam za sodelovanje!<\/p>\n","protected":false},"excerpt":{"rendered":"<p>Izdelava Operativnega programa Slovenija-Mad\u017earska za obdobje 2014-2020 se je za\u010dela. Z namenom naju\u010dinkovitej\u0161e priprave in slu\u017eiti najbolj\u0161im interesom \u010dezmejne regije Slovenija-Mad\u017earska, vas \u017eelimo vklju\u010diti v izdelavo operativnega programa.<\/p>\n","protected":false},"author":1,"featured_media":0,"comment_status":"open","ping_status":"open","sticky":false,"template":"","format":"standard","meta":{"ngg_post_thumbnail":0},"categories":[8],"tags":[],"_links":{"self":[{"href":"http:\/\/www.si-hu.eu\/si2\/wp-json\/wp\/v2\/posts\/2730"}],"collection":[{"href":"http:\/\/www.si-hu.eu\/si2\/wp-json\/wp\/v2\/posts"}],"about":[{"href":"http:\/\/www.si-hu.eu\/si2\/wp-json\/wp\/v2\/types\/post"}],"author":[{"embeddable":true,"href":"http:\/\/www.si-hu.eu\/si2\/wp-json\/wp\/v2\/users\/1"}],"replies":[{"embeddable":true,"href":"http:\/\/www.si-hu.eu\/si2\/wp-json\/wp\/v2\/comments?post=2730"}],"version-history":[{"count":0,"href":"http:\/\/www.si-hu.eu\/si2\/wp-json\/wp\/v2\/posts\/2730\/revisions"}],"wp:attachment":[{"href":"http:\/\/www.si-hu.eu\/si2\/wp-json\/wp\/v2\/media?parent=2730"}],"wp:term":[{"taxonomy":"category","embeddable":true,"href":"http:\/\/www.si-hu.eu\/si2\/wp-json\/wp\/v2\/categories?post=2730"},{"taxonomy":"post_tag","embeddable":true,"href":"http:\/\/www.si-hu.eu\/si2\/wp-json\/wp\/v2\/tags?post=2730"}],"curies":[{"name":"wp","href":"https:\/\/api.w.org\/{rel}","templated":true}]}}