{"id":2732,"date":"2015-01-26T14:28:00","date_gmt":"2015-01-26T13:28:00","guid":{"rendered":"http:\/\/www.si-hu.eu\/si2\/si-hublog\/vabilo-na-delavnico-program-sodelovanja-slovenija-madzarska-2014-2020\/"},"modified":"2015-08-21T14:48:43","modified_gmt":"2015-08-21T13:48:43","slug":"vabilo-na-delavnico-program-sodelovanja-slovenija-madzarska-2014-2020","status":"publish","type":"post","link":"http:\/\/www.si-hu.eu\/si2\/blog\/vabilo-na-delavnico-program-sodelovanja-slovenija-madzarska-2014-2020\/","title":{"rendered":"Vabilo na delavnico: Program sodelovanja Slovenija-Mad\u017earska 2014-2020"},"content":{"rendered":"<p>Poleg spletne javne obravnave vas prijazno vabimo \u0161e na dve delavnici, na katerih bi vam radi predstavili program sodelovanja. Na delavnici bi \u017eeleli pridobiti va\u0161e komentarje in prakti\u010dne prispevke na akcijski oz. projektni ravni, zato \u017eelimo nanjo povabiti vse tiste, ki boste prebrali osnutek programa na spletni strani in se boste predhodno pripravili na delavnico, zlasti v smislu dodatnih idej glede pri\u010dakovanih aktivnosti oziroma akcij v okviru  izbranih tematskih ciljev ter projektnih idej.   <b>Organizirali bomo dve delavnici z enako vsebino<\/b>, ki bosta na voljo za udele\u017eence z obeh strani meje: <b>eno na Mad\u017earskem<\/b> (potekala bo v mad\u017earskem jeziku) in <b>eno v Sloveniji<\/b> (potekala bo v slovenskem jeziku). Na obeh dogodkih bo poskrbljeno za mad\u017earsko-slovenski prevod.  Ve\u010d informacij v vabilu:<\/p>\n<p><a href=\"http:\/\/www.si-hu.eu\/si2\/si-huwp-content\/uploads\/2015\/08\/SI-HU OP 2014-2020_WS4_Invitation_SI.pdf\">Vabilo na delavnico<\/a><\/p>\n","protected":false},"excerpt":{"rendered":"<p>Poleg spletne javne obravnave vas prijazno vabimo \u0161e na dve delavnici, na katerih bi vam radi predstavili program sodelovanja. Na delavnici bi \u017eeleli pridobiti va\u0161e komentarje in prakti\u010dne prispevke na akcijski oz. projektni ravni, zato \u017eelimo nanjo povabiti vse tiste, ki boste prebrali osnutek programa na spletni strani in se boste predhodno pripravili na delavnico, zlasti v smislu dodatnih idej glede pri\u010dakovanih aktivnosti oziroma akcij v okviru  izbranih tematskih ciljev ter projektnih idej.<\/p>\n","protected":false},"author":1,"featured_media":0,"comment_status":"open","ping_status":"open","sticky":false,"template":"","format":"standard","meta":{"ngg_post_thumbnail":0},"categories":[8],"tags":[],"_links":{"self":[{"href":"http:\/\/www.si-hu.eu\/si2\/wp-json\/wp\/v2\/posts\/2732"}],"collection":[{"href":"http:\/\/www.si-hu.eu\/si2\/wp-json\/wp\/v2\/posts"}],"about":[{"href":"http:\/\/www.si-hu.eu\/si2\/wp-json\/wp\/v2\/types\/post"}],"author":[{"embeddable":true,"href":"http:\/\/www.si-hu.eu\/si2\/wp-json\/wp\/v2\/users\/1"}],"replies":[{"embeddable":true,"href":"http:\/\/www.si-hu.eu\/si2\/wp-json\/wp\/v2\/comments?post=2732"}],"version-history":[{"count":1,"href":"http:\/\/www.si-hu.eu\/si2\/wp-json\/wp\/v2\/posts\/2732\/revisions"}],"predecessor-version":[{"id":2738,"href":"http:\/\/www.si-hu.eu\/si2\/wp-json\/wp\/v2\/posts\/2732\/revisions\/2738"}],"wp:attachment":[{"href":"http:\/\/www.si-hu.eu\/si2\/wp-json\/wp\/v2\/media?parent=2732"}],"wp:term":[{"taxonomy":"category","embeddable":true,"href":"http:\/\/www.si-hu.eu\/si2\/wp-json\/wp\/v2\/categories?post=2732"},{"taxonomy":"post_tag","embeddable":true,"href":"http:\/\/www.si-hu.eu\/si2\/wp-json\/wp\/v2\/tags?post=2732"}],"curies":[{"name":"wp","href":"https:\/\/api.w.org\/{rel}","templated":true}]}}