{"id":2733,"date":"2014-09-03T12:29:00","date_gmt":"2014-09-03T11:29:00","guid":{"rendered":"http:\/\/www.si-hu.eu\/si2\/si-hublog\/vabilo-na-vaski-turisticni-dan-v-okviru-dneva-evropskega-sodelovanja-2014-20-september-2014\/"},"modified":"2014-09-03T12:29:00","modified_gmt":"2014-09-03T11:29:00","slug":"vabilo-na-vaski-turisticni-dan-v-okviru-dneva-evropskega-sodelovanja-2014-20-september-2014","status":"publish","type":"post","link":"http:\/\/www.si-hu.eu\/si2\/blog\/vabilo-na-vaski-turisticni-dan-v-okviru-dneva-evropskega-sodelovanja-2014-20-september-2014\/","title":{"rendered":"Vabilo na &#8220;Va\u0161ki turisti\u010dni dan&#8221; v okviru Dneva evropskega sodelovanja 2014:  20. september 2014"},"content":{"rendered":"<p>Ob Dnevu evropskega sodelovanja se vsako leto \u0161irom Evrope vrstijo \u0161tevilni dogodki. Tudi v okviru \u010cezmejnega sodelovanja Slovenija-Mad\u017earska 2007-2013, se bomo 20. septembra 2014 ponovno pridru\u017eili vseevropskemu proslavljanju.   Popeljali vas bomo v vasico <b>Magyarszerdahely<\/b> na Mad\u017earskem,  kjer bomo v sodelovanju s projektnimi partnerji projektov <b>5 Postakocsi<\/b> in <b>Rokodelska akademija 2 <\/b>pripravili pester kulturni, \u0161portni in kulinari\u010dni program. Med drugim se boste lahko preizkusili v kme\u010dki olimpijadi, se udele\u017eili predstavitve starih obrti z mo\u017enostjo izdelovanja izdelkov ter fotosafarija, peljali s konjsko vprego in ob spremljavi ciganske glasbe preizkusili lokalne dobrote.  VLJUDNO VABLJENI!   Vabilo s programom je v priponki.  <a class=\"link_extern2\" href=\"https:\/\/www.youtube.com\/watch?v=Djsc1arYsmI\" title=\"Dan evropskega sodelovanja 2014 (promocijski video)\" target=\"_blank\">Dan evropskega sodelovanja 2014 (promocijski video)<\/a><\/p>\n<p><a href=\"http:\/\/www.si-hu.eu\/si2\/si-huwp-content\/uploads\/2015\/08\/VABILO (1).pdf\">Vabilo s programom<\/a><\/p>\n","protected":false},"excerpt":{"rendered":"<p>Ob Dnevu evropskega sodelovanja se vsako leto \u0161irom Evrope vrstijo \u0161tevilni dogodki. Tudi v okviru \u010cezmejnega sodelovanja Slovenija-Mad\u017earska 2007-2013, se bomo 20. septembra 2014 ponovno pridru\u017eili vseevropskemu proslavljanju.<\/p>\n","protected":false},"author":1,"featured_media":0,"comment_status":"open","ping_status":"open","sticky":false,"template":"","format":"standard","meta":{"ngg_post_thumbnail":0},"categories":[8],"tags":[],"_links":{"self":[{"href":"http:\/\/www.si-hu.eu\/si2\/wp-json\/wp\/v2\/posts\/2733"}],"collection":[{"href":"http:\/\/www.si-hu.eu\/si2\/wp-json\/wp\/v2\/posts"}],"about":[{"href":"http:\/\/www.si-hu.eu\/si2\/wp-json\/wp\/v2\/types\/post"}],"author":[{"embeddable":true,"href":"http:\/\/www.si-hu.eu\/si2\/wp-json\/wp\/v2\/users\/1"}],"replies":[{"embeddable":true,"href":"http:\/\/www.si-hu.eu\/si2\/wp-json\/wp\/v2\/comments?post=2733"}],"version-history":[{"count":0,"href":"http:\/\/www.si-hu.eu\/si2\/wp-json\/wp\/v2\/posts\/2733\/revisions"}],"wp:attachment":[{"href":"http:\/\/www.si-hu.eu\/si2\/wp-json\/wp\/v2\/media?parent=2733"}],"wp:term":[{"taxonomy":"category","embeddable":true,"href":"http:\/\/www.si-hu.eu\/si2\/wp-json\/wp\/v2\/categories?post=2733"},{"taxonomy":"post_tag","embeddable":true,"href":"http:\/\/www.si-hu.eu\/si2\/wp-json\/wp\/v2\/tags?post=2733"}],"curies":[{"name":"wp","href":"https:\/\/api.w.org\/{rel}","templated":true}]}}