{"id":2734,"date":"2014-09-23T07:39:00","date_gmt":"2014-09-23T06:39:00","guid":{"rendered":"http:\/\/www.si-hu.eu\/si2\/si-hublog\/vaski-turisticni-dan-v-okviru-dneva-evropskega-sodelovanja-2014\/"},"modified":"2014-09-23T07:39:00","modified_gmt":"2014-09-23T06:39:00","slug":"vaski-turisticni-dan-v-okviru-dneva-evropskega-sodelovanja-2014","status":"publish","type":"post","link":"http:\/\/www.si-hu.eu\/si2\/blog\/vaski-turisticni-dan-v-okviru-dneva-evropskega-sodelovanja-2014\/","title":{"rendered":"\u00bbVa\u0161ki turisti\u010dni dan\u00ab v okviru Dneva evropskega sodelovanja 2014"},"content":{"rendered":"<p>Pod pokroviteljstvom Evropske komisije in programa INTERACT po Evropi potekajo prireditve ob Dnevu evropskega sodelovanja. V okviru dogodkov, ki jih povezuje slogan Skupne meje nas zbli\u017eujejo, se predstavljajo programi \u010dezmejnega sodelovanja. Slu\u017eba Vlade RS za razvoj in evropsko kohezijsko politiko (SVRK), ki je Organ upravljanja za program \u010dezmejnega sodelovanja  Slovenija-Mad\u017earska za programsko obdobje 2007-2013, je ob tej prilo\u017enosti organizirala \u00bbVa\u0161ki turisti\u010dni dan\u00ab v kraju Magyarszerdahely, na Mad\u017earskem.  Udele\u017eenci iz Slovenije in Mad\u017earske so si ogledali vasico Magyarszerdahely, kjer je SVRK v sodelovanju s projektnimi partnerji projektov 5 Postakocsi in Rokodelska akademija 2 pripravila kulturni, \u0161portni in kulinari\u010dni program. Med drugim so se udele\u017eenci lahko preizkusili v kme\u010dki olimpijadi, se udele\u017eili predstavitve starih obrti z mo\u017enostjo izdelovanja izdelkov ter fotosafarija, peljali s konjsko vprego in ob spremljavi romske glasbe preizkusili lokalne dobrote.  <a class=\"link_extern2\" href=\"http:\/\/www.si-hu.eu\/si2\/image_gallery_sl\/\" title=\"Galerija slik\" target=\"_blank\">Galerija slik<\/a><\/p>\n","protected":false},"excerpt":{"rendered":"<p>Pod pokroviteljstvom Evropske komisije in programa INTERACT po Evropi potekajo prireditve ob Dnevu evropskega sodelovanja. V okviru dogodkov, ki jih povezuje slogan Skupne meje nas zbli\u017eujejo, se predstavljajo programi \u010dezmejnega sodelovanja.<\/p>\n","protected":false},"author":1,"featured_media":0,"comment_status":"open","ping_status":"open","sticky":false,"template":"","format":"standard","meta":{"ngg_post_thumbnail":0},"categories":[8],"tags":[],"_links":{"self":[{"href":"http:\/\/www.si-hu.eu\/si2\/wp-json\/wp\/v2\/posts\/2734"}],"collection":[{"href":"http:\/\/www.si-hu.eu\/si2\/wp-json\/wp\/v2\/posts"}],"about":[{"href":"http:\/\/www.si-hu.eu\/si2\/wp-json\/wp\/v2\/types\/post"}],"author":[{"embeddable":true,"href":"http:\/\/www.si-hu.eu\/si2\/wp-json\/wp\/v2\/users\/1"}],"replies":[{"embeddable":true,"href":"http:\/\/www.si-hu.eu\/si2\/wp-json\/wp\/v2\/comments?post=2734"}],"version-history":[{"count":0,"href":"http:\/\/www.si-hu.eu\/si2\/wp-json\/wp\/v2\/posts\/2734\/revisions"}],"wp:attachment":[{"href":"http:\/\/www.si-hu.eu\/si2\/wp-json\/wp\/v2\/media?parent=2734"}],"wp:term":[{"taxonomy":"category","embeddable":true,"href":"http:\/\/www.si-hu.eu\/si2\/wp-json\/wp\/v2\/categories?post=2734"},{"taxonomy":"post_tag","embeddable":true,"href":"http:\/\/www.si-hu.eu\/si2\/wp-json\/wp\/v2\/tags?post=2734"}],"curies":[{"name":"wp","href":"https:\/\/api.w.org\/{rel}","templated":true}]}}