{"id":2739,"date":"2015-01-28T16:26:00","date_gmt":"2015-01-28T15:26:00","guid":{"rendered":"http:\/\/www.si-hu.eu\/si2\/si-hublog\/spremenjena-datuma-za-delavnici-v-okviru-programa-sodelovanja-slovenija-madzarska-2014-2020\/"},"modified":"2015-01-28T16:26:00","modified_gmt":"2015-01-28T15:26:00","slug":"spremenjena-datuma-za-delavnici-v-okviru-programa-sodelovanja-slovenija-madzarska-2014-2020","status":"publish","type":"post","link":"http:\/\/www.si-hu.eu\/si2\/blog\/spremenjena-datuma-za-delavnici-v-okviru-programa-sodelovanja-slovenija-madzarska-2014-2020\/","title":{"rendered":"Spremenjena datuma za delavnici v okviru Programa sodelovanja Slovenija-Mad\u017earska 2014-2020"},"content":{"rendered":"<p>\u017dal vas moramo obvestiti, da sta delavnici na temo Programa \u010dezmejnega sodelovanja Slovenija &#8211; Mad\u017earska 2014-2020 prestavljeni. <b>Na\u010drtovani sta bili v tem tednu, v \u010detrtek (29.1.) v Nagykanizi, in v petek (30.1.), v Lendavi,<\/b> vendar ju moramo zaradi nepri\u010dakovane bolezni dveh klju\u010dnih strokovnjakov skupine zunanjih izvajalcev, ki pripravljajo program \u010dezmejnega sodelovanja, prestaviti.  Nova termina in lokaciji za delavnici Program \u010dezmejnega sodelovanja Slovenija Mad\u017earska 2014-2020 najdete v prilo\u017eenem vabilu:<\/p>\n<p><a href=\"http:\/\/www.si-hu.eu\/si2\/si-huwp-content\/uploads\/2015\/08\/NEW DATE_SI-HU OP 2014-2020_WS4_Invitation_SI.pdf\">Vabilo na delavnico_ NOV TERMIN!<\/a><\/p>\n","protected":false},"excerpt":{"rendered":"<p>\u017dal vas moramo obvestiti, da sta delavnici na temo Programa \u010dezmejnega sodelovanja Slovenija &#8211; Mad\u017earska 2014-2020 prestavljeni.<b> Na\u010drtovani sta bili v tem tednu, v \u010detrtek (29.1.) v Nagykanizi, in v petek (30.1.), v Lendavi,<\/b> vendar ju moramo zaradi nepri\u010dakovane bolezni dveh klju\u010dnih strokovnjakov skupine zunanjih izvajalcev, ki pripravljajo program \u010dezmejnega sodelovanja, prestaviti.<\/p>\n","protected":false},"author":1,"featured_media":0,"comment_status":"open","ping_status":"open","sticky":false,"template":"","format":"standard","meta":{"ngg_post_thumbnail":0},"categories":[8],"tags":[],"_links":{"self":[{"href":"http:\/\/www.si-hu.eu\/si2\/wp-json\/wp\/v2\/posts\/2739"}],"collection":[{"href":"http:\/\/www.si-hu.eu\/si2\/wp-json\/wp\/v2\/posts"}],"about":[{"href":"http:\/\/www.si-hu.eu\/si2\/wp-json\/wp\/v2\/types\/post"}],"author":[{"embeddable":true,"href":"http:\/\/www.si-hu.eu\/si2\/wp-json\/wp\/v2\/users\/1"}],"replies":[{"embeddable":true,"href":"http:\/\/www.si-hu.eu\/si2\/wp-json\/wp\/v2\/comments?post=2739"}],"version-history":[{"count":0,"href":"http:\/\/www.si-hu.eu\/si2\/wp-json\/wp\/v2\/posts\/2739\/revisions"}],"wp:attachment":[{"href":"http:\/\/www.si-hu.eu\/si2\/wp-json\/wp\/v2\/media?parent=2739"}],"wp:term":[{"taxonomy":"category","embeddable":true,"href":"http:\/\/www.si-hu.eu\/si2\/wp-json\/wp\/v2\/categories?post=2739"},{"taxonomy":"post_tag","embeddable":true,"href":"http:\/\/www.si-hu.eu\/si2\/wp-json\/wp\/v2\/tags?post=2739"}],"curies":[{"name":"wp","href":"https:\/\/api.w.org\/{rel}","templated":true}]}}