{"id":2742,"date":"2015-06-19T08:52:00","date_gmt":"2015-06-19T07:52:00","guid":{"rendered":"http:\/\/www.si-hu.eu\/si2\/si-hublog\/obisk-madzarske-veleposlanice\/"},"modified":"2015-12-11T08:11:05","modified_gmt":"2015-12-11T07:11:05","slug":"obisk-madzarske-veleposlanice","status":"publish","type":"post","link":"http:\/\/www.si-hu.eu\/si2\/blog\/obisk-madzarske-veleposlanice\/","title":{"rendered":"Obisk mad\u017earske veleposlanice"},"content":{"rendered":"<p><a href=\"http:\/\/www.si-hu.eu\/si2\/wp-content\/uploads\/2015\/06\/obisk_hu_veleposlanice.jpg\"><img loading=\"lazy\" class=\"alignnone size-full wp-image-4280\" src=\"http:\/\/www.si-hu.eu\/si2\/wp-content\/uploads\/2015\/06\/obisk_hu_veleposlanice.jpg\" alt=\"obisk_hu_veleposlanice\" width=\"548\" height=\"378\" srcset=\"http:\/\/www.si-hu.eu\/si2\/wp-content\/uploads\/2015\/06\/obisk_hu_veleposlanice.jpg 548w, http:\/\/www.si-hu.eu\/si2\/wp-content\/uploads\/2015\/06\/obisk_hu_veleposlanice-300x207.jpg 300w\" sizes=\"(max-width: 548px) 100vw, 548px\" \/><\/a><\/p>\n<p>Mad\u017earska veleposlanica v Sloveniji Edit Szil\u00e1gyin\u00e9 B\u00e1torfi je dne 18. junija 2015 obiskala predstavnike Organa upravljanja in Skupnega tehni\u010dnega sekretariata na sede\u017eu v Mariboru.<br \/>\n<!--more--><br \/>\nV pogovoru z vodjo programa, Ale\u0161om Mrkelo ter predstavniki Skupnega tehni\u010dnega sekretariata se je veleposlanica seznanila z uspe\u0161nim izvajanjem in rezultati Operativnega programa \u010dezmejnega sodelovanja med Republiko Slovenijo in Mad\u017earsko v obdobju 2007-2013. Veleposlanici je bil predstavljen tudi program sodelovanja med Republiko Slovenijo in Mad\u017earsko v novi finan\u010dni perspektivi 2014-2020.<\/p>\n<p>Veleposlanica je izrazila zadovoljstvo nad uspe\u0161nim izvajanjem sedanjega programa in ponudila sodelovanje ter podporo pri izvedbi novega programa sodelovanja.<\/p>\n<p>&nbsp;<\/p>\n","protected":false},"excerpt":{"rendered":"<p>Mad\u017earska veleposlanica v Sloveniji Edit Szil\u00e1gyin\u00e9 B\u00e1torfi je dne 18. junija 2015 obiskala predstavnike Organa upravljanja in Skupnega tehni\u010dnega sekretariata na sede\u017eu v Mariboru.<\/p>\n<p>.<\/p>\n","protected":false},"author":1,"featured_media":0,"comment_status":"open","ping_status":"open","sticky":false,"template":"","format":"standard","meta":{"ngg_post_thumbnail":0},"categories":[8],"tags":[],"_links":{"self":[{"href":"http:\/\/www.si-hu.eu\/si2\/wp-json\/wp\/v2\/posts\/2742"}],"collection":[{"href":"http:\/\/www.si-hu.eu\/si2\/wp-json\/wp\/v2\/posts"}],"about":[{"href":"http:\/\/www.si-hu.eu\/si2\/wp-json\/wp\/v2\/types\/post"}],"author":[{"embeddable":true,"href":"http:\/\/www.si-hu.eu\/si2\/wp-json\/wp\/v2\/users\/1"}],"replies":[{"embeddable":true,"href":"http:\/\/www.si-hu.eu\/si2\/wp-json\/wp\/v2\/comments?post=2742"}],"version-history":[{"count":1,"href":"http:\/\/www.si-hu.eu\/si2\/wp-json\/wp\/v2\/posts\/2742\/revisions"}],"predecessor-version":[{"id":4281,"href":"http:\/\/www.si-hu.eu\/si2\/wp-json\/wp\/v2\/posts\/2742\/revisions\/4281"}],"wp:attachment":[{"href":"http:\/\/www.si-hu.eu\/si2\/wp-json\/wp\/v2\/media?parent=2742"}],"wp:term":[{"taxonomy":"category","embeddable":true,"href":"http:\/\/www.si-hu.eu\/si2\/wp-json\/wp\/v2\/categories?post=2742"},{"taxonomy":"post_tag","embeddable":true,"href":"http:\/\/www.si-hu.eu\/si2\/wp-json\/wp\/v2\/tags?post=2742"}],"curies":[{"name":"wp","href":"https:\/\/api.w.org\/{rel}","templated":true}]}}