{"id":4263,"date":"2015-09-08T09:35:32","date_gmt":"2015-09-08T08:35:32","guid":{"rendered":"http:\/\/www.si-hu.eu\/si2\/?p=4263"},"modified":"2015-12-11T07:58:46","modified_gmt":"2015-12-11T06:58:46","slug":"eu-projekt-moj-projekt-18-in-19-septembra-2015","status":"publish","type":"post","link":"http:\/\/www.si-hu.eu\/si2\/blog\/eu-projekt-moj-projekt-18-in-19-septembra-2015\/","title":{"rendered":"EU projekt, moj projekt &#8211; 18. in 19. septembra 2015"},"content":{"rendered":"<p><a href=\"http:\/\/www.si-hu.eu\/si2\/wp-content\/uploads\/2015\/12\/phpThumb_generated_thumbnail.jpg\"><img loading=\"lazy\" class=\"alignnone size-full wp-image-4264\" src=\"http:\/\/www.si-hu.eu\/si2\/wp-content\/uploads\/2015\/12\/phpThumb_generated_thumbnail.jpg\" alt=\"phpThumb_generated_thumbnail\" width=\"548\" height=\"356\" srcset=\"http:\/\/www.si-hu.eu\/si2\/wp-content\/uploads\/2015\/12\/phpThumb_generated_thumbnail.jpg 548w, http:\/\/www.si-hu.eu\/si2\/wp-content\/uploads\/2015\/12\/phpThumb_generated_thumbnail-300x195.jpg 300w\" sizes=\"(max-width: 548px) 100vw, 548px\" \/><\/a><\/p>\n<p style=\"text-align: justify;\"><b>Dnevi odprtih vrat projektov, ki so bili sofinancirani iz evropskih sredstev v obdobju 2007\u20132013<\/b><\/p>\n<p style=\"text-align: justify;\">V Sloveniji ni ob\u010dine, kjer ne bi bil s pomo\u010djo EU sredstev sofinanciran vsaj en projekt. Ste \u017ee odkrili va\u0161ega?<\/p>\n<p style=\"text-align: justify;\"><!--more--><\/p>\n<p style=\"text-align: justify;\">Morda ste med 65 000 ljudmi, ki imajo s pomo\u010djo evropske kohezijske politike dostop do \u0161irokopasovnega interneta ali pa med 300 000, ki imajo bolj\u0161o in varnej\u0161o oskrbo s pitno vodo. Morda je va\u0161a pot v slu\u017ebo kraj\u0161a zaradi novozgrajenih \u017eelezni\u0161kih tirov, cest in avtocestnih odsekov ali pa varnej\u0161a zaradi novih kolesarskih povezav. Morda ima va\u0161 prijatelj slu\u017ebo zaradi ve\u010d kot 30 000 novo ustvarjenih delovnih mest ali pa je sodeloval v enem od 800 raziskovalnih projektov.<\/p>\n<p style=\"text-align: justify;\">Kje vse evropska kohezijska politika v Sloveniji pu\u0161\u010da svoje odtise, lahko odkrivate v petek in soboto, 18. in 19. septembra 2015, na dogodkih z naslovom EU PROJEKT, MOJ PROJEKT, ki jih po vsej Sloveniji organizira Slu\u017eba Vlade Republike Slovenije za razvoj in evropsko kohezijsko politiko v sodelovanju z izvajalci projektov.<\/p>\n<p style=\"text-align: justify;\"><b>V okviru Operativnega programa Slovenija-Mad\u017earska 2007-2013 se bosta predstavila dva projekta:<\/b><\/p>\n<p style=\"text-align: justify;\">&#8211; <b>LQ-Celiac<\/b>, lokacija predstavitve: Maribor,<br \/>\nve\u010d na linku: <a href=\"http:\/\/www.eu-skladi.si\/portal\/aktualno\/dogodki\/eu-projekt-moj-projekt\/lq-2013-celiac\">http:\/\/www.eu-skladi.si\/portal\/aktualno\/dogodki\/eu-projekt-moj-projekt\/lq-2013-celiac<\/a><br \/>\n&#8211; <b>Rokodelska akademija 2<\/b>, lokacija predstavitve: Ver\u017eej,<br \/>\nve\u010d na linku: <a href=\"http:\/\/www.eu-skladi.si\/portal\/aktualno\/dogodki\/eu-projekt-moj-projekt\/rokodelska-akademija\">http:\/\/www.eu-skladi.si\/portal\/aktualno\/dogodki\/eu-projekt-moj-projekt\/rokodelska-akademija<\/a><\/p>\n<p style=\"text-align: justify;\"><b>S tema dogodkoma bomo hkrati proslavili tudi Dan evropskega sodelovanja, ki se \u0161irom Evrope praznuje v dnevih okrog 21. septembra in predstavlja dose\u017eke evropskega teritorialnega sodelovanja.<\/b><\/p>\n<p style=\"text-align: justify;\">Vsi dogodki, ki bodo tematsko obarvani z najrazli\u010dnej\u0161imi aktivnostmi bodo brezpla\u010dni, namenjeni pa vsem starostnim skupinam. Ker so za dolo\u010dene aktivnosti potrebne prijave, vse zainteresirane vabimo, da obi\u0161\u010dejo spletno stran <a href=\"http:\/\/www.eu-skladi.si\/\">http:\/\/www.eu-skladi.si<\/a> in si zagotovijo udele\u017ebo, ali le pobrskajo po vsebini in lokacijah dogodkov.<\/p>\n<p style=\"text-align: justify;\">Izkoristite pestro dogajanje po \u0161tevilnih slovenskih krajih in preverite, kaj je bilo narejenega z evropskim denarjem!<\/p>\n<p>&nbsp;<\/p>\n","protected":false},"excerpt":{"rendered":"<p>Dnevi odprtih vrat projektov, ki so bili sofinancirani iz evropskih sredstev v obdobju 2007\u20132013<\/p>\n<p>V Sloveniji ni ob\u010dine, kjer ne bi bil s pomo\u010djo EU sredstev sofinanciran vsaj en projekt. Ste \u017ee odkrili va\u0161ega?<\/p>\n","protected":false},"author":3,"featured_media":0,"comment_status":"open","ping_status":"open","sticky":false,"template":"","format":"standard","meta":{"ngg_post_thumbnail":0},"categories":[8],"tags":[13,12],"_links":{"self":[{"href":"http:\/\/www.si-hu.eu\/si2\/wp-json\/wp\/v2\/posts\/4263"}],"collection":[{"href":"http:\/\/www.si-hu.eu\/si2\/wp-json\/wp\/v2\/posts"}],"about":[{"href":"http:\/\/www.si-hu.eu\/si2\/wp-json\/wp\/v2\/types\/post"}],"author":[{"embeddable":true,"href":"http:\/\/www.si-hu.eu\/si2\/wp-json\/wp\/v2\/users\/3"}],"replies":[{"embeddable":true,"href":"http:\/\/www.si-hu.eu\/si2\/wp-json\/wp\/v2\/comments?post=4263"}],"version-history":[{"count":7,"href":"http:\/\/www.si-hu.eu\/si2\/wp-json\/wp\/v2\/posts\/4263\/revisions"}],"predecessor-version":[{"id":4277,"href":"http:\/\/www.si-hu.eu\/si2\/wp-json\/wp\/v2\/posts\/4263\/revisions\/4277"}],"wp:attachment":[{"href":"http:\/\/www.si-hu.eu\/si2\/wp-json\/wp\/v2\/media?parent=4263"}],"wp:term":[{"taxonomy":"category","embeddable":true,"href":"http:\/\/www.si-hu.eu\/si2\/wp-json\/wp\/v2\/categories?post=4263"},{"taxonomy":"post_tag","embeddable":true,"href":"http:\/\/www.si-hu.eu\/si2\/wp-json\/wp\/v2\/tags?post=4263"}],"curies":[{"name":"wp","href":"https:\/\/api.w.org\/{rel}","templated":true}]}}